{"id":10008,"date":"2022-07-13T14:49:15","date_gmt":"2022-07-13T12:49:15","guid":{"rendered":"https:\/\/www.landofmemory.eu\/ihr-sommerurlaub-auf-dem-gebiet-von-land-of-memory\/"},"modified":"2023-01-09T11:38:09","modified_gmt":"2023-01-09T10:38:09","slug":"ihr-sommerurlaub-auf-dem-gebiet-von-land-of-memory","status":"publish","type":"post","link":"https:\/\/www.landofmemory.eu\/de\/ihr-sommerurlaub-auf-dem-gebiet-von-land-of-memory\/","title":{"rendered":"Ihr Sommerurlaub auf dem Gebiet von Land of Memory"},"content":{"rendered":"\n<p>Wie w\u00e4re es in diesem Sommer mit einer Zeitreise? Der Gedenktourismus auf dem Gebiet von Land of Memory nimmt Sie mit auf eine Reise durch die Geschichte und bietet Ihnen ein au\u00dfergew\u00f6hnliches Erlebnis!&#13;\n<\/p>\n\n<p>Auch heute noch ist der Gedenktourismus eine Art zu reisen, die viele Emotionen hervorruft. Weiterhin erinnern, um die Ereignisse der Vergangenheit nicht zu vergessen und die Erinnerung weiterzugeben. &#13;\n<\/p>\n\n<p>Um den Gedenktourismus interessant und f\u00fcr alle zug\u00e4nglich zu machen, z\u00f6gert Land of Memory nicht, kreativ zu sein. Heute verbinden unsere St\u00e4tten die \u00dcberreste unserer Geschichte mit der Technologie. Seit einigen Jahren werden digitale Anordnungen eingef\u00fchrt, um Ihnen mehr Informationen zu bieten und noch tiefer in die Vergangenheit einzutauchen. &#13;\n<\/p>\n\n<h2 class=\"wp-block-heading\"><strong>Kurs auf Frankreich im Camp Marguerre <\/strong><\/h2>\n\n<p>In der Maasregion schlagen wir Ihnen vor, das im Wald von Gouraincourt vergrabene <a href=\"https:\/\/www.portesdeverdun.com\/d%C3%A9couvrir\/arri%C3%A8re-front-allemand\/camp-marguerre\/\" rel=\"noopener\" target=\"_blank\">Camp Marguerre<\/a> zu entdecken. <\/p>\n\n<p>Der Name kommt nicht von ungef\u00e4hr. Denn w\u00e4hrend des Ersten Weltkriegs war dieser Ort ein Studienzentrum, das vom deutschen Hauptmann Hans Marguerre geleitet wurde. Diese r\u00fcckw\u00e4rtige Basis erm\u00f6glichte es den Deutschen, sich von der Kriegsfront abzusetzen. <\/p>\n<div class=\"wp-block-image\">\n<figure class=\"aligncenter size-large is-resized\"><a href=\"https:\/\/www.landofmemory.eu\/en\/sites-historiques\/camp-marguerre\/\" target=\"_blank\" rel=\"noreferrer noopener\"><img loading=\"lazy\" decoding=\"async\" src=\"https:\/\/www.landofmemory.eu\/wp-content\/uploads\/2022\/06\/Camp-Marguerre-&#xA9;Land-of-Memory-20-1024x684.jpg\" alt=\"\" class=\"wp-image-9449\" width=\"768\" height=\"513\"\/><\/a><\/figure>\n<\/div>\n<p>Heute k\u00f6nnen Sie die Anlage mithilfe eines virtuellen Spiels besuchen. Zur\u00fcck ins Jahr 1916! Sie spielen eine Gruppe von Undercover-Journalisten. Was ist Ihre Aufgabe? Den Plan der Feinde zu durchschauen. Diese spielerische Aktivit\u00e4t wird Gro\u00df und Klein begeistern. Sie verbindet Geschichte mit einer kniffligen Herausforderung.<\/p>\n\n<p>Um noch mehr in die Geschichte einzutauchen, k\u00f6nnen Sie die kostenlose App auf Ihr Handy herunterladen. Falls Sie keine M\u00f6glichkeit dazu haben, keine Panik! In der Touristeninformation k\u00f6nnen Sie f\u00fcr 10\u20ac Tablets mit Touchscreen ausleihen. <\/p>\n\n<p>Diese Aktivit\u00e4t ist ideal, um mit der Familie oder mit Freunden Spa\u00df zu haben und sich mit den Ereignissen der Vergangenheit zu besch\u00e4ftigen, die vor Ort stattgefunden haben. Das Spiel kann mit mehreren Personen gespielt werden; mit mindestens 2 und h\u00f6chstens 5 Personen.<\/p>\n\n<h2 class=\"wp-block-heading\"><strong>Wir treffen uns am Schumannseck!<\/strong><\/h2>\n\n<p>Liebe Wanderfreunde, wir haben eine Aktivit\u00e4t f\u00fcr Sie gefunden, die Ihnen gefallen wird: den Besuch des Erinnerungspfades am <a href=\"https:\/\/www.landofmemory.eu\/de\/sites-historiques\/gedenkpfad-am-schumannseck\/\" rel=\"noopener\" target=\"_blank\">Schumannseck<\/a>, in der N\u00e4he von Wiltz im Gro\u00dfherzogtum Luxemburg.<\/p>\n\n<p>Dieser interaktive Pfad f\u00fchrt Sie zu den Spuren der entscheidenden K\u00e4mpfe der Ardennenschlacht. Das Schumannseck war ein Schl\u00fcsselort in dieser Schlacht. Wir befinden uns im Winter 1944: Amerikanische Soldaten stellen sich der deutschen Armee entgegen.<\/p>\n\n<p>Dieser Rundgang erz\u00e4hlt die Geschichte und die Lebensbedingungen unserer Soldaten und der Zivilbev\u00f6lkerung.<\/p>\n<div class=\"wp-block-image\">\n<figure class=\"aligncenter size-large is-resized\"><a href=\"https:\/\/www.landofmemory.eu\/en\/sites-historiques\/schumannseck-remembrance-trail\/\" target=\"_blank\" rel=\"noreferrer noopener\"><img loading=\"lazy\" decoding=\"async\" src=\"https:\/\/www.landofmemory.eu\/wp-content\/uploads\/2022\/06\/Sentier-du-Souvenir-au-Schumannseck-&#xA9;Land-of-Memory-9-1-1024x684.jpg\" alt=\"\" class=\"wp-image-9453\" width=\"768\" height=\"513\"\/><\/a><\/figure>\n<\/div>\n<p>W\u00e4hrend Ihres Spaziergangs werden Sie von menschengro\u00dfen Figuren begleitet, die aus Fotografien der damaligen Zeit entnommen wurden. Um den Rundgang noch weiter zu bereichern, sind QR-Codes erh\u00e4ltlich. Sie bieten Ihnen die M\u00f6glichkeit, auf \u00fcber 100 audiovisuelle Zeugnisse wie Tonausschnitte, Videos und Archivfotos zuzugreifen. Hinzu kommt die App &#8222;N\u00e4chst Statioun&#8220;. Klaus und Mish, die Helden der Animationsserie von Zeilt Production, die auf RTL ausgestrahlt wird, f\u00fchren Sie auf Ihrer Wanderung. Diese innovativen Einrichtungen sind eine sch\u00f6ne Art, die Geschichte zu dynamisieren.<\/p>\n\n<p>Die Verbindung von digitaler Technik und den heute noch sichtbaren \u00dcberresten wie Foxholes und Sch\u00fctzengr\u00e4ben bietet ein echtes Eintauchen und eine einzigartige p\u00e4dagogische Erfahrung.<\/p>\n\n<h2 class=\"wp-block-heading\"><strong>Besichtigungen an der frischen Luft rund um L\u00fcttich, die brennende Stadt<\/strong><\/h2>\n\n<p>Die an der Kreuzung Europas gelegene Provinz L\u00fcttich wurde w\u00e4hrend des Ersten und Zweiten Weltkriegs nicht verschont. Vis\u00e9 wird f\u00fcr immer die erste M\u00e4rtyrerstadt des Ersten Weltkriegs bleiben und die Ardennenschlacht hat ihre W\u00e4lder stark gezeichnet.<\/p>\n<div class=\"wp-block-image\">\n<figure class=\"aligncenter size-large is-resized\"><img loading=\"lazy\" decoding=\"async\" src=\"https:\/\/www.landofmemory.eu\/wp-content\/uploads\/2022\/07\/Vise-monument-aux-morts-cSRAHV-1-1024x682.jpg\" alt=\"\" class=\"wp-image-9922\" width=\"768\" height=\"512\" srcset=\"https:\/\/www.landofmemory.eu\/wp-content\/uploads\/2022\/07\/Vise-monument-aux-morts-cSRAHV-1-1024x682.jpg 1024w, https:\/\/www.landofmemory.eu\/wp-content\/uploads\/2022\/07\/Vise-monument-aux-morts-cSRAHV-1-300x200.jpg 300w, https:\/\/www.landofmemory.eu\/wp-content\/uploads\/2022\/07\/Vise-monument-aux-morts-cSRAHV-1-768x512.jpg 768w, https:\/\/www.landofmemory.eu\/wp-content\/uploads\/2022\/07\/Vise-monument-aux-morts-cSRAHV-1-1536x1023.jpg 1536w, https:\/\/www.landofmemory.eu\/wp-content\/uploads\/2022\/07\/Vise-monument-aux-morts-cSRAHV-1-2048x1364.jpg 2048w, https:\/\/www.landofmemory.eu\/wp-content\/uploads\/2022\/07\/Vise-monument-aux-morts-cSRAHV-1-600x400.jpg 600w\" sizes=\"auto, (max-width: 768px) 100vw, 768px\" \/><figcaption>\u00a9 SRAHV<\/figcaption><\/figure>\n<\/div>\n<p>Vor Ort bietet man Ihnen an, auf verschiedenen Touren in der Natur oder in h\u00fcbschen St\u00e4dten eine Zeitreise in die Vergangenheit zu unternehmen. Ob \u00fcber Schilderbeschreibungen und in Ihrem eigenen Tempo oder von Experten gef\u00fchrt, Sie haben die Qual der Wahl. Die Experten begleiten Sie, um Ihnen die Geschichte zu vermitteln. Mit der Familie oder mit Freunden werden Sie Orte durchqueren, die von Erinnerungen und Emotionen gepr\u00e4gt sind.&#13;\n<\/p>\n\n<p>Sie sind mit Meunier Gruppe unterwegs? Wir schlagen Ihnen eine Busrundfahrt auf den Spuren des <a href=\"http:\/\/www.museedevise.be\/sur-les-pas-de-la-grande-guerre-circuit-dvd-en-car\/\" rel=\"noopener\" target=\"_blank\">Gro\u00dfen Krieges in Vis\u00e9 vor<\/a>. Wie war das zivile Leben w\u00e4hrend dieser vier langen Jahre? Wie wurde der Widerstand der Soldaten organisiert? Auf all diese Fragen erhalten Sie hier eine Antwort. <\/p>\n\n<p>Wenn Sie lieber mehr \u00fcber den Zweiten Weltkrieg erfahren m\u00f6chten, ist die Erkundung der <a href=\"https:\/\/www.gruppen-landofmemory.eu\/?origine=switchLangue\" rel=\"noopener\" target=\"_blank\">Fox Holes im Rocherath Wood<\/a> die perfekte Aktivit\u00e4t f\u00fcr Sie. Ein erfahrener F\u00fchrer wird die harten Kampfbedingungen des Winters 44\/45 nachzeichnen. Es gibt noch viele andere M\u00f6glichkeiten &#8211; f\u00fcr jeden Geschmack ist etwas dabei! Es gibt eine Vielzahl von <a href=\"https:\/\/de.liegetourisme.be\/gedenkbesuche?origine=switchLangue\" rel=\"noopener\" target=\"_blank\">F\u00fchrungen und Gedenkst\u00e4tten<\/a>. <\/p>\n\n<h2 class=\"wp-block-heading\"><strong>Wanderungen vom Bastogne War Museum aus<\/strong><\/h2>\n\n<p>Wir treffen uns mit Ihnen im Bastogne War Museum, um einen au\u00dfergew\u00f6hnlichen Rundgang innerhalb und au\u00dferhalb des Museums zu unternehmen. Zu Fu\u00df, mit dem Fahrrad, mit dem Jeep oder auch mit dem Dodge k\u00f6nnen verschiedene Rundg\u00e4nge mit einem Roadbook oder durch Buchung einer gef\u00fchrten Tour absolviert werden.<\/p>\n\n<p>Zu den besuchten Orten geh\u00f6ren der <a href=\"https:\/\/www.landofmemory.eu\/de\/sites-historiques\/bois-de-la-paix\/\" rel=\"noopener\" target=\"_blank\">Bois de la Paix <\/a>(Friedenswald) und der <a href=\"https:\/\/www.landofmemory.eu\/de\/sites-historiques\/bois-jacques\/\" rel=\"noopener\" target=\"_blank\">Bois Jacques<\/a> (Jakobswald). Der erste Ort erinnert an die gefallenen amerikanischen Soldaten. Zum Gedenken an ivre Opfer wurden hier B\u00e4ume gepflanzt. Aus der Luft betrachtet stellt die Position der B\u00e4ume eine Mutter mit einem Kind dar. Was den zweiten Ort betrifft, so k\u00f6nnen Sie in einer brandneuen Augmented-Reality-Immersion die harten Bedingungen der Ardennenschlacht in 360\u00b0 nacherleben.<\/p>\n\n<p>Auf diesen Spazierg\u00e4ngen k\u00f6nnen Sie auch andere historische St\u00e4tte entdecken. Wenn Sie die Orte der Schlacht von Bastogne mit dem Fahrrad oder zu Fu\u00df erkunden m\u00f6chten, ist das <a href=\"https:\/\/www.bastognewarmuseum.be\/de\/home-de\/\" rel=\"noopener\" target=\"_blank\">&#8222;One Day&#8220;-Paket<\/a> genau das Richtige f\u00fcr Sie! <\/p>\n\n<p>Die Tour in einem Oldtimer ist die richtige Wahl. Eine 1,5-st\u00fcndige Fahrt f\u00fcr 1 bis 8 Personen, bei der Sie die Schlacht von Bastogne aus einer v\u00f6llig neuen Perspektive erleben k\u00f6nnen. Reservierungen k\u00f6nnen per E-Mail an info@bastognewarmuseum.be oder telefonisch unter 061\/210.220 vorgenommen werden. Z\u00f6gern Sie nicht l\u00e4nger und erleben Sie diese au\u00dfergew\u00f6hnliche Erfahrung! <\/p>\n\n<p>Diese Wanderungen verbinden Geschichte, Sport und Spa\u00df, so dass die ganze Familie auf ihre Kosten kommt!<\/p>\n<div class=\"wp-block-image\">\n<figure class=\"aligncenter size-large is-resized\"><img loading=\"lazy\" decoding=\"async\" src=\"https:\/\/www.landofmemory.eu\/wp-content\/uploads\/2022\/07\/2022_BWM_Gen45_HR-1-1024x681.jpg\" alt=\"\" class=\"wp-image-9946\" width=\"768\" height=\"511\" srcset=\"https:\/\/www.landofmemory.eu\/wp-content\/uploads\/2022\/07\/2022_BWM_Gen45_HR-1-1024x681.jpg 1024w, https:\/\/www.landofmemory.eu\/wp-content\/uploads\/2022\/07\/2022_BWM_Gen45_HR-1-300x200.jpg 300w, https:\/\/www.landofmemory.eu\/wp-content\/uploads\/2022\/07\/2022_BWM_Gen45_HR-1-768x511.jpg 768w, https:\/\/www.landofmemory.eu\/wp-content\/uploads\/2022\/07\/2022_BWM_Gen45_HR-1-1536x1022.jpg 1536w, https:\/\/www.landofmemory.eu\/wp-content\/uploads\/2022\/07\/2022_BWM_Gen45_HR-1-2048x1363.jpg 2048w, https:\/\/www.landofmemory.eu\/wp-content\/uploads\/2022\/07\/2022_BWM_Gen45_HR-1-600x399.jpg 600w\" sizes=\"auto, (max-width: 768px) 100vw, 768px\" \/><\/figure>\n<\/div>","protected":false},"excerpt":{"rendered":"<p>Wie w\u00e4re es in diesem Sommer mit einer Zeitreise? Der Gedenktourismus auf dem Gebiet von Land of Memory nimmt Sie mit auf eine Reise durch die Geschichte und bietet Ihnen ein au\u00dfergew\u00f6hnliches Erlebnis!&#13; Auch heute noch ist der Gedenktourismus eine Art zu reisen, die viele Emotionen hervorruft. Weiterhin erinnern, um die Ereignisse der Vergangenheit nicht [&hellip;]<\/p>\n","protected":false},"author":4,"featured_media":0,"comment_status":"closed","ping_status":"open","sticky":false,"template":"","format":"standard","meta":{"_acf_changed":false,"footnotes":""},"categories":[114],"tags":[],"class_list":["post-10008","post","type-post","status-publish","format-standard","hentry","category-nachrichten"],"acf":[],"yoast_head":"<!-- This site is optimized with the Yoast SEO plugin v26.0 - https:\/\/yoast.com\/wordpress\/plugins\/seo\/ -->\n<title>Ihr Sommerurlaub auf dem Gebiet von Land of Memory - Land Of Memory<\/title>\n<meta name=\"description\" content=\"Die Sommerferien stehen vor der T\u00fcr! Das ist die Gelegenheit f\u00fcr Sie, Ihre Familie oder Ihre Freunde, unsere Sehensw\u00fcrdigkeiten zu entdecken.\" \/>\n<meta name=\"robots\" content=\"index, follow, max-snippet:-1, max-image-preview:large, max-video-preview:-1\" \/>\n<link rel=\"canonical\" href=\"https:\/\/www.landofmemory.eu\/de\/ihr-sommerurlaub-auf-dem-gebiet-von-land-of-memory\/\" \/>\n<meta property=\"og:locale\" content=\"de_DE\" \/>\n<meta property=\"og:type\" content=\"article\" \/>\n<meta property=\"og:title\" content=\"Ihr Sommerurlaub auf dem Gebiet von Land of Memory - Land Of Memory\" \/>\n<meta property=\"og:description\" content=\"Die Sommerferien stehen vor der T\u00fcr! Das ist die Gelegenheit f\u00fcr Sie, Ihre Familie oder Ihre Freunde, unsere Sehensw\u00fcrdigkeiten zu entdecken.\" \/>\n<meta property=\"og:url\" content=\"https:\/\/www.landofmemory.eu\/de\/ihr-sommerurlaub-auf-dem-gebiet-von-land-of-memory\/\" \/>\n<meta property=\"og:site_name\" content=\"Land Of Memory\" \/>\n<meta property=\"article:publisher\" content=\"https:\/\/www.facebook.com\/landofmemory.eu\" \/>\n<meta property=\"article:published_time\" content=\"2022-07-13T12:49:15+00:00\" \/>\n<meta property=\"article:modified_time\" content=\"2023-01-09T10:38:09+00:00\" \/>\n<meta property=\"og:image\" content=\"https:\/\/www.landofmemory.eu\/wp-content\/uploads\/2022\/06\/Camp-Marguerre-&#xA9;Land-of-Memory-20-1024x684.jpg\" \/>\n<meta name=\"author\" content=\"Flavie\" \/>\n<meta name=\"twitter:card\" content=\"summary_large_image\" \/>\n<meta name=\"twitter:label1\" content=\"Verfasst von\" \/>\n\t<meta name=\"twitter:data1\" content=\"Flavie\" \/>\n\t<meta name=\"twitter:label2\" content=\"Gesch\u00e4tzte Lesezeit\" \/>\n\t<meta name=\"twitter:data2\" content=\"5\u00a0Minuten\" \/>\n<script type=\"application\/ld+json\" class=\"yoast-schema-graph\">{\"@context\":\"https:\/\/schema.org\",\"@graph\":[{\"@type\":\"Article\",\"@id\":\"https:\/\/www.landofmemory.eu\/de\/ihr-sommerurlaub-auf-dem-gebiet-von-land-of-memory\/#article\",\"isPartOf\":{\"@id\":\"https:\/\/www.landofmemory.eu\/de\/ihr-sommerurlaub-auf-dem-gebiet-von-land-of-memory\/\"},\"author\":{\"name\":\"Flavie\",\"@id\":\"https:\/\/www.landofmemory.eu\/#\/schema\/person\/3a354fbb160c68816af4cedf9a3298a3\"},\"headline\":\"Ihr Sommerurlaub auf dem Gebiet von Land of Memory\",\"datePublished\":\"2022-07-13T12:49:15+00:00\",\"dateModified\":\"2023-01-09T10:38:09+00:00\",\"mainEntityOfPage\":{\"@id\":\"https:\/\/www.landofmemory.eu\/de\/ihr-sommerurlaub-auf-dem-gebiet-von-land-of-memory\/\"},\"wordCount\":1007,\"publisher\":{\"@id\":\"https:\/\/www.landofmemory.eu\/#organization\"},\"image\":{\"@id\":\"https:\/\/www.landofmemory.eu\/de\/ihr-sommerurlaub-auf-dem-gebiet-von-land-of-memory\/#primaryimage\"},\"thumbnailUrl\":\"https:\/\/www.landofmemory.eu\/wp-content\/uploads\/2022\/06\/Camp-Marguerre-&#xA9;Land-of-Memory-20-1024x684.jpg\",\"articleSection\":[\"Nachrichten\"],\"inLanguage\":\"de\"},{\"@type\":\"WebPage\",\"@id\":\"https:\/\/www.landofmemory.eu\/de\/ihr-sommerurlaub-auf-dem-gebiet-von-land-of-memory\/\",\"url\":\"https:\/\/www.landofmemory.eu\/de\/ihr-sommerurlaub-auf-dem-gebiet-von-land-of-memory\/\",\"name\":\"Ihr Sommerurlaub auf dem Gebiet von Land of Memory - Land Of Memory\",\"isPartOf\":{\"@id\":\"https:\/\/www.landofmemory.eu\/#website\"},\"primaryImageOfPage\":{\"@id\":\"https:\/\/www.landofmemory.eu\/de\/ihr-sommerurlaub-auf-dem-gebiet-von-land-of-memory\/#primaryimage\"},\"image\":{\"@id\":\"https:\/\/www.landofmemory.eu\/de\/ihr-sommerurlaub-auf-dem-gebiet-von-land-of-memory\/#primaryimage\"},\"thumbnailUrl\":\"https:\/\/www.landofmemory.eu\/wp-content\/uploads\/2022\/06\/Camp-Marguerre-&#xA9;Land-of-Memory-20-1024x684.jpg\",\"datePublished\":\"2022-07-13T12:49:15+00:00\",\"dateModified\":\"2023-01-09T10:38:09+00:00\",\"description\":\"Die Sommerferien stehen vor der T\u00fcr! Das ist die Gelegenheit f\u00fcr Sie, Ihre Familie oder Ihre Freunde, unsere Sehensw\u00fcrdigkeiten zu entdecken.\",\"breadcrumb\":{\"@id\":\"https:\/\/www.landofmemory.eu\/de\/ihr-sommerurlaub-auf-dem-gebiet-von-land-of-memory\/#breadcrumb\"},\"inLanguage\":\"de\",\"potentialAction\":[{\"@type\":\"ReadAction\",\"target\":[\"https:\/\/www.landofmemory.eu\/de\/ihr-sommerurlaub-auf-dem-gebiet-von-land-of-memory\/\"]}]},{\"@type\":\"ImageObject\",\"inLanguage\":\"de\",\"@id\":\"https:\/\/www.landofmemory.eu\/de\/ihr-sommerurlaub-auf-dem-gebiet-von-land-of-memory\/#primaryimage\",\"url\":\"https:\/\/www.landofmemory.eu\/wp-content\/uploads\/2022\/06\/Camp-Marguerre-&#xA9;Land-of-Memory-20-1024x684.jpg\",\"contentUrl\":\"https:\/\/www.landofmemory.eu\/wp-content\/uploads\/2022\/06\/Camp-Marguerre-&#xA9;Land-of-Memory-20-1024x684.jpg\"},{\"@type\":\"BreadcrumbList\",\"@id\":\"https:\/\/www.landofmemory.eu\/de\/ihr-sommerurlaub-auf-dem-gebiet-von-land-of-memory\/#breadcrumb\",\"itemListElement\":[{\"@type\":\"ListItem\",\"position\":1,\"name\":\"Accueil\",\"item\":\"https:\/\/www.landofmemory.eu\/\"},{\"@type\":\"ListItem\",\"position\":2,\"name\":\"Ihr Sommerurlaub auf dem Gebiet von Land of Memory\"}]},{\"@type\":\"WebSite\",\"@id\":\"https:\/\/www.landofmemory.eu\/#website\",\"url\":\"https:\/\/www.landofmemory.eu\/\",\"name\":\"Land Of Memory\",\"description\":\"L&#039;histoire commence ici\",\"publisher\":{\"@id\":\"https:\/\/www.landofmemory.eu\/#organization\"},\"potentialAction\":[{\"@type\":\"SearchAction\",\"target\":{\"@type\":\"EntryPoint\",\"urlTemplate\":\"https:\/\/www.landofmemory.eu\/?s={search_term_string}\"},\"query-input\":{\"@type\":\"PropertyValueSpecification\",\"valueRequired\":true,\"valueName\":\"search_term_string\"}}],\"inLanguage\":\"de\"},{\"@type\":\"Organization\",\"@id\":\"https:\/\/www.landofmemory.eu\/#organization\",\"name\":\"Land Of Memory\",\"url\":\"https:\/\/www.landofmemory.eu\/\",\"logo\":{\"@type\":\"ImageObject\",\"inLanguage\":\"de\",\"@id\":\"https:\/\/www.landofmemory.eu\/#\/schema\/logo\/image\/\",\"url\":\"https:\/\/www.landofmemory.eu\/wp-content\/uploads\/2022\/10\/logo-land-of-memory.jpg\",\"contentUrl\":\"https:\/\/www.landofmemory.eu\/wp-content\/uploads\/2022\/10\/logo-land-of-memory.jpg\",\"width\":1000,\"height\":500,\"caption\":\"Land Of Memory\"},\"image\":{\"@id\":\"https:\/\/www.landofmemory.eu\/#\/schema\/logo\/image\/\"},\"sameAs\":[\"https:\/\/www.facebook.com\/landofmemory.eu\",\"https:\/\/www.instagram.com\/landofmemory_eu\/\"]},{\"@type\":\"Person\",\"@id\":\"https:\/\/www.landofmemory.eu\/#\/schema\/person\/3a354fbb160c68816af4cedf9a3298a3\",\"name\":\"Flavie\",\"image\":{\"@type\":\"ImageObject\",\"inLanguage\":\"de\",\"@id\":\"https:\/\/www.landofmemory.eu\/#\/schema\/person\/image\/\",\"url\":\"https:\/\/secure.gravatar.com\/avatar\/aae4e465e314f642e145e6911d78ad1f992398054d5db98c6bb0bae76a16af16?s=96&d=mm&r=g\",\"contentUrl\":\"https:\/\/secure.gravatar.com\/avatar\/aae4e465e314f642e145e6911d78ad1f992398054d5db98c6bb0bae76a16af16?s=96&d=mm&r=g\",\"caption\":\"Flavie\"},\"url\":\"https:\/\/www.landofmemory.eu\/de\/author\/berry\/\"}]}<\/script>\n<!-- \/ Yoast SEO plugin. -->","yoast_head_json":{"title":"Ihr Sommerurlaub auf dem Gebiet von Land of Memory - Land Of Memory","description":"Die Sommerferien stehen vor der T\u00fcr! Das ist die Gelegenheit f\u00fcr Sie, Ihre Familie oder Ihre Freunde, unsere Sehensw\u00fcrdigkeiten zu entdecken.","robots":{"index":"index","follow":"follow","max-snippet":"max-snippet:-1","max-image-preview":"max-image-preview:large","max-video-preview":"max-video-preview:-1"},"canonical":"https:\/\/www.landofmemory.eu\/de\/ihr-sommerurlaub-auf-dem-gebiet-von-land-of-memory\/","og_locale":"de_DE","og_type":"article","og_title":"Ihr Sommerurlaub auf dem Gebiet von Land of Memory - Land Of Memory","og_description":"Die Sommerferien stehen vor der T\u00fcr! Das ist die Gelegenheit f\u00fcr Sie, Ihre Familie oder Ihre Freunde, unsere Sehensw\u00fcrdigkeiten zu entdecken.","og_url":"https:\/\/www.landofmemory.eu\/de\/ihr-sommerurlaub-auf-dem-gebiet-von-land-of-memory\/","og_site_name":"Land Of Memory","article_publisher":"https:\/\/www.facebook.com\/landofmemory.eu","article_published_time":"2022-07-13T12:49:15+00:00","article_modified_time":"2023-01-09T10:38:09+00:00","og_image":[{"url":"https:\/\/www.landofmemory.eu\/wp-content\/uploads\/2022\/06\/Camp-Marguerre-&#xA9;Land-of-Memory-20-1024x684.jpg","type":"","width":"","height":""}],"author":"Flavie","twitter_card":"summary_large_image","twitter_misc":{"Verfasst von":"Flavie","Gesch\u00e4tzte Lesezeit":"5\u00a0Minuten"},"schema":{"@context":"https:\/\/schema.org","@graph":[{"@type":"Article","@id":"https:\/\/www.landofmemory.eu\/de\/ihr-sommerurlaub-auf-dem-gebiet-von-land-of-memory\/#article","isPartOf":{"@id":"https:\/\/www.landofmemory.eu\/de\/ihr-sommerurlaub-auf-dem-gebiet-von-land-of-memory\/"},"author":{"name":"Flavie","@id":"https:\/\/www.landofmemory.eu\/#\/schema\/person\/3a354fbb160c68816af4cedf9a3298a3"},"headline":"Ihr Sommerurlaub auf dem Gebiet von Land of Memory","datePublished":"2022-07-13T12:49:15+00:00","dateModified":"2023-01-09T10:38:09+00:00","mainEntityOfPage":{"@id":"https:\/\/www.landofmemory.eu\/de\/ihr-sommerurlaub-auf-dem-gebiet-von-land-of-memory\/"},"wordCount":1007,"publisher":{"@id":"https:\/\/www.landofmemory.eu\/#organization"},"image":{"@id":"https:\/\/www.landofmemory.eu\/de\/ihr-sommerurlaub-auf-dem-gebiet-von-land-of-memory\/#primaryimage"},"thumbnailUrl":"https:\/\/www.landofmemory.eu\/wp-content\/uploads\/2022\/06\/Camp-Marguerre-&#xA9;Land-of-Memory-20-1024x684.jpg","articleSection":["Nachrichten"],"inLanguage":"de"},{"@type":"WebPage","@id":"https:\/\/www.landofmemory.eu\/de\/ihr-sommerurlaub-auf-dem-gebiet-von-land-of-memory\/","url":"https:\/\/www.landofmemory.eu\/de\/ihr-sommerurlaub-auf-dem-gebiet-von-land-of-memory\/","name":"Ihr Sommerurlaub auf dem Gebiet von Land of Memory - Land Of Memory","isPartOf":{"@id":"https:\/\/www.landofmemory.eu\/#website"},"primaryImageOfPage":{"@id":"https:\/\/www.landofmemory.eu\/de\/ihr-sommerurlaub-auf-dem-gebiet-von-land-of-memory\/#primaryimage"},"image":{"@id":"https:\/\/www.landofmemory.eu\/de\/ihr-sommerurlaub-auf-dem-gebiet-von-land-of-memory\/#primaryimage"},"thumbnailUrl":"https:\/\/www.landofmemory.eu\/wp-content\/uploads\/2022\/06\/Camp-Marguerre-&#xA9;Land-of-Memory-20-1024x684.jpg","datePublished":"2022-07-13T12:49:15+00:00","dateModified":"2023-01-09T10:38:09+00:00","description":"Die Sommerferien stehen vor der T\u00fcr! Das ist die Gelegenheit f\u00fcr Sie, Ihre Familie oder Ihre Freunde, unsere Sehensw\u00fcrdigkeiten zu entdecken.","breadcrumb":{"@id":"https:\/\/www.landofmemory.eu\/de\/ihr-sommerurlaub-auf-dem-gebiet-von-land-of-memory\/#breadcrumb"},"inLanguage":"de","potentialAction":[{"@type":"ReadAction","target":["https:\/\/www.landofmemory.eu\/de\/ihr-sommerurlaub-auf-dem-gebiet-von-land-of-memory\/"]}]},{"@type":"ImageObject","inLanguage":"de","@id":"https:\/\/www.landofmemory.eu\/de\/ihr-sommerurlaub-auf-dem-gebiet-von-land-of-memory\/#primaryimage","url":"https:\/\/www.landofmemory.eu\/wp-content\/uploads\/2022\/06\/Camp-Marguerre-&#xA9;Land-of-Memory-20-1024x684.jpg","contentUrl":"https:\/\/www.landofmemory.eu\/wp-content\/uploads\/2022\/06\/Camp-Marguerre-&#xA9;Land-of-Memory-20-1024x684.jpg"},{"@type":"BreadcrumbList","@id":"https:\/\/www.landofmemory.eu\/de\/ihr-sommerurlaub-auf-dem-gebiet-von-land-of-memory\/#breadcrumb","itemListElement":[{"@type":"ListItem","position":1,"name":"Accueil","item":"https:\/\/www.landofmemory.eu\/"},{"@type":"ListItem","position":2,"name":"Ihr Sommerurlaub auf dem Gebiet von Land of Memory"}]},{"@type":"WebSite","@id":"https:\/\/www.landofmemory.eu\/#website","url":"https:\/\/www.landofmemory.eu\/","name":"Land Of Memory","description":"L&#039;histoire commence ici","publisher":{"@id":"https:\/\/www.landofmemory.eu\/#organization"},"potentialAction":[{"@type":"SearchAction","target":{"@type":"EntryPoint","urlTemplate":"https:\/\/www.landofmemory.eu\/?s={search_term_string}"},"query-input":{"@type":"PropertyValueSpecification","valueRequired":true,"valueName":"search_term_string"}}],"inLanguage":"de"},{"@type":"Organization","@id":"https:\/\/www.landofmemory.eu\/#organization","name":"Land Of Memory","url":"https:\/\/www.landofmemory.eu\/","logo":{"@type":"ImageObject","inLanguage":"de","@id":"https:\/\/www.landofmemory.eu\/#\/schema\/logo\/image\/","url":"https:\/\/www.landofmemory.eu\/wp-content\/uploads\/2022\/10\/logo-land-of-memory.jpg","contentUrl":"https:\/\/www.landofmemory.eu\/wp-content\/uploads\/2022\/10\/logo-land-of-memory.jpg","width":1000,"height":500,"caption":"Land Of Memory"},"image":{"@id":"https:\/\/www.landofmemory.eu\/#\/schema\/logo\/image\/"},"sameAs":["https:\/\/www.facebook.com\/landofmemory.eu","https:\/\/www.instagram.com\/landofmemory_eu\/"]},{"@type":"Person","@id":"https:\/\/www.landofmemory.eu\/#\/schema\/person\/3a354fbb160c68816af4cedf9a3298a3","name":"Flavie","image":{"@type":"ImageObject","inLanguage":"de","@id":"https:\/\/www.landofmemory.eu\/#\/schema\/person\/image\/","url":"https:\/\/secure.gravatar.com\/avatar\/aae4e465e314f642e145e6911d78ad1f992398054d5db98c6bb0bae76a16af16?s=96&d=mm&r=g","contentUrl":"https:\/\/secure.gravatar.com\/avatar\/aae4e465e314f642e145e6911d78ad1f992398054d5db98c6bb0bae76a16af16?s=96&d=mm&r=g","caption":"Flavie"},"url":"https:\/\/www.landofmemory.eu\/de\/author\/berry\/"}]}},"_links":{"self":[{"href":"https:\/\/www.landofmemory.eu\/de\/wp-json\/wp\/v2\/posts\/10008","targetHints":{"allow":["GET"]}}],"collection":[{"href":"https:\/\/www.landofmemory.eu\/de\/wp-json\/wp\/v2\/posts"}],"about":[{"href":"https:\/\/www.landofmemory.eu\/de\/wp-json\/wp\/v2\/types\/post"}],"author":[{"embeddable":true,"href":"https:\/\/www.landofmemory.eu\/de\/wp-json\/wp\/v2\/users\/4"}],"replies":[{"embeddable":true,"href":"https:\/\/www.landofmemory.eu\/de\/wp-json\/wp\/v2\/comments?post=10008"}],"version-history":[{"count":2,"href":"https:\/\/www.landofmemory.eu\/de\/wp-json\/wp\/v2\/posts\/10008\/revisions"}],"predecessor-version":[{"id":12598,"href":"https:\/\/www.landofmemory.eu\/de\/wp-json\/wp\/v2\/posts\/10008\/revisions\/12598"}],"wp:attachment":[{"href":"https:\/\/www.landofmemory.eu\/de\/wp-json\/wp\/v2\/media?parent=10008"}],"wp:term":[{"taxonomy":"category","embeddable":true,"href":"https:\/\/www.landofmemory.eu\/de\/wp-json\/wp\/v2\/categories?post=10008"},{"taxonomy":"post_tag","embeddable":true,"href":"https:\/\/www.landofmemory.eu\/de\/wp-json\/wp\/v2\/tags?post=10008"}],"curies":[{"name":"wp","href":"https:\/\/api.w.org\/{rel}","templated":true}]}}