{"id":10440,"date":"2022-07-25T16:05:48","date_gmt":"2022-07-25T14:05:48","guid":{"rendered":"https:\/\/www.landofmemory.eu\/verdun-mit-dem-elektroroller\/"},"modified":"2023-01-09T11:38:01","modified_gmt":"2023-01-09T10:38:01","slug":"verdun-mit-dem-elektroroller","status":"publish","type":"post","link":"https:\/\/www.landofmemory.eu\/de\/verdun-mit-dem-elektroroller\/","title":{"rendered":"Verdun mit dem Elektroroller"},"content":{"rendered":"\n<h2 class=\"wp-block-heading\">Ein Abenteuer mit dem Elektroroller im Herzen der Geschichte<\/h2>\n\n<p>Vom M\u00e9morial de Verdun aus werden mehrere E-Roller-Touren angeboten, auf denen Sie die Schlachtfelder auf andere Weise entdecken und gleichzeitig die wundersch\u00f6ne Maasregion genie\u00dfen k\u00f6nnen. Eine v\u00f6llig neue Erfahrung, die Sie in die Vergangenheit der Stadt Verdun eintauchen l\u00e4sst, indem Sie an den Orten der Ereignisse entlangfahren.<\/p>\n<div class=\"wp-block-image\">\n<figure class=\"aligncenter size-large is-resized\"><img loading=\"lazy\" decoding=\"async\" src=\"https:\/\/www.landofmemory.eu\/wp-content\/uploads\/2022\/07\/wildridersfacebook-1024x768.jpeg\" alt=\"Elektroroller\" class=\"wp-image-9828\" width=\"768\" height=\"576\" srcset=\"https:\/\/www.landofmemory.eu\/wp-content\/uploads\/2022\/07\/wildridersfacebook-1024x768.jpeg 1024w, https:\/\/www.landofmemory.eu\/wp-content\/uploads\/2022\/07\/wildridersfacebook-300x225.jpeg 300w, https:\/\/www.landofmemory.eu\/wp-content\/uploads\/2022\/07\/wildridersfacebook-768x576.jpeg 768w, https:\/\/www.landofmemory.eu\/wp-content\/uploads\/2022\/07\/wildridersfacebook-600x450.jpeg 600w, https:\/\/www.landofmemory.eu\/wp-content\/uploads\/2022\/07\/wildridersfacebook.jpeg 1440w\" sizes=\"auto, (max-width: 768px) 100vw, 768px\" \/><figcaption>Elektroroller<\/figcaption><\/figure>\n<\/div>\n<p>Diese Initiative wurde von zwei jungen Leuten in ihren Zwanzigern ins Leben gerufen, die beschlossen, &#8222;Wild Riders&#8220; zu gr\u00fcnden. Die Marke ist engagiert und spendet 1 % ihres Jahresumsatzes an lokale und internationale Umweltorganisationen. Ihre Idee stellt das Elektrorollerfahren in den Vordergrund, um den nachhaltigen Tourismus zu f\u00f6rdern. Gleichzeitig wird dadurch bei einem breiteren Publikum die Lust an der Entdeckung der Geschichte geweckt (oder wieder geweckt).<\/p>\n\n<p>Ab 25\u20ac pro Stunde bieten diese gel\u00e4ndeg\u00e4ngigen Roller Spa\u00df und Entdeckungen f\u00fcr die ganze Familie oder mit Freunden! Eine sch\u00f6ne Art, den Gedenktourismus neu zu gestalten.<\/p>\n","protected":false},"excerpt":{"rendered":"<p>Ein Abenteuer mit dem Elektroroller im Herzen der Geschichte Vom M\u00e9morial de Verdun aus werden mehrere E-Roller-Touren angeboten, auf denen Sie die Schlachtfelder auf andere Weise entdecken und gleichzeitig die wundersch\u00f6ne Maasregion genie\u00dfen k\u00f6nnen. Eine v\u00f6llig neue Erfahrung, die Sie in die Vergangenheit der Stadt Verdun eintauchen l\u00e4sst, indem Sie an den Orten der Ereignisse [&hellip;]<\/p>\n","protected":false},"author":4,"featured_media":0,"comment_status":"closed","ping_status":"open","sticky":false,"template":"","format":"standard","meta":{"_acf_changed":false,"footnotes":""},"categories":[114],"tags":[],"class_list":["post-10440","post","type-post","status-publish","format-standard","hentry","category-nachrichten"],"acf":[],"yoast_head":"<!-- This site is optimized with the Yoast SEO plugin v26.0 - https:\/\/yoast.com\/wordpress\/plugins\/seo\/ -->\n<title>Verdun mit dem Elektroroller - Land Of Memory<\/title>\n<meta name=\"description\" content=\"Der Elektrotrottinett kommt nach Verdun. Eine neue Art, diese geschichtstr\u00e4chtige Stadt zu entdecken.\" \/>\n<meta name=\"robots\" content=\"index, follow, max-snippet:-1, max-image-preview:large, max-video-preview:-1\" \/>\n<link rel=\"canonical\" href=\"https:\/\/www.landofmemory.eu\/de\/verdun-mit-dem-elektroroller\/\" \/>\n<meta property=\"og:locale\" content=\"de_DE\" \/>\n<meta property=\"og:type\" content=\"article\" \/>\n<meta property=\"og:title\" content=\"Verdun mit dem Elektroroller - Land Of Memory\" \/>\n<meta property=\"og:description\" content=\"Der Elektrotrottinett kommt nach Verdun. Eine neue Art, diese geschichtstr\u00e4chtige Stadt zu entdecken.\" \/>\n<meta property=\"og:url\" content=\"https:\/\/www.landofmemory.eu\/de\/verdun-mit-dem-elektroroller\/\" \/>\n<meta property=\"og:site_name\" content=\"Land Of Memory\" \/>\n<meta property=\"article:publisher\" content=\"https:\/\/www.facebook.com\/landofmemory.eu\" \/>\n<meta property=\"article:published_time\" content=\"2022-07-25T14:05:48+00:00\" \/>\n<meta property=\"article:modified_time\" content=\"2023-01-09T10:38:01+00:00\" \/>\n<meta property=\"og:image\" content=\"https:\/\/www.landofmemory.eu\/wp-content\/uploads\/2022\/07\/wildridersfacebook.jpeg\" \/>\n\t<meta property=\"og:image:width\" content=\"1440\" \/>\n\t<meta property=\"og:image:height\" content=\"1080\" \/>\n\t<meta property=\"og:image:type\" content=\"image\/jpeg\" \/>\n<meta name=\"author\" content=\"Flavie\" \/>\n<meta name=\"twitter:card\" content=\"summary_large_image\" \/>\n<meta name=\"twitter:label1\" content=\"Verfasst von\" \/>\n\t<meta name=\"twitter:data1\" content=\"Flavie\" \/>\n\t<meta name=\"twitter:label2\" content=\"Gesch\u00e4tzte Lesezeit\" \/>\n\t<meta name=\"twitter:data2\" content=\"1\u00a0Minute\" \/>\n<script type=\"application\/ld+json\" class=\"yoast-schema-graph\">{\"@context\":\"https:\/\/schema.org\",\"@graph\":[{\"@type\":\"Article\",\"@id\":\"https:\/\/www.landofmemory.eu\/de\/verdun-mit-dem-elektroroller\/#article\",\"isPartOf\":{\"@id\":\"https:\/\/www.landofmemory.eu\/de\/verdun-mit-dem-elektroroller\/\"},\"author\":{\"name\":\"Flavie\",\"@id\":\"https:\/\/www.landofmemory.eu\/#\/schema\/person\/3a354fbb160c68816af4cedf9a3298a3\"},\"headline\":\"Verdun mit dem Elektroroller\",\"datePublished\":\"2022-07-25T14:05:48+00:00\",\"dateModified\":\"2023-01-09T10:38:01+00:00\",\"mainEntityOfPage\":{\"@id\":\"https:\/\/www.landofmemory.eu\/de\/verdun-mit-dem-elektroroller\/\"},\"wordCount\":162,\"publisher\":{\"@id\":\"https:\/\/www.landofmemory.eu\/#organization\"},\"image\":{\"@id\":\"https:\/\/www.landofmemory.eu\/de\/verdun-mit-dem-elektroroller\/#primaryimage\"},\"thumbnailUrl\":\"https:\/\/www.landofmemory.eu\/wp-content\/uploads\/2022\/07\/wildridersfacebook-1024x768.jpeg\",\"articleSection\":[\"Nachrichten\"],\"inLanguage\":\"de\"},{\"@type\":\"WebPage\",\"@id\":\"https:\/\/www.landofmemory.eu\/de\/verdun-mit-dem-elektroroller\/\",\"url\":\"https:\/\/www.landofmemory.eu\/de\/verdun-mit-dem-elektroroller\/\",\"name\":\"Verdun mit dem Elektroroller - Land Of Memory\",\"isPartOf\":{\"@id\":\"https:\/\/www.landofmemory.eu\/#website\"},\"primaryImageOfPage\":{\"@id\":\"https:\/\/www.landofmemory.eu\/de\/verdun-mit-dem-elektroroller\/#primaryimage\"},\"image\":{\"@id\":\"https:\/\/www.landofmemory.eu\/de\/verdun-mit-dem-elektroroller\/#primaryimage\"},\"thumbnailUrl\":\"https:\/\/www.landofmemory.eu\/wp-content\/uploads\/2022\/07\/wildridersfacebook-1024x768.jpeg\",\"datePublished\":\"2022-07-25T14:05:48+00:00\",\"dateModified\":\"2023-01-09T10:38:01+00:00\",\"description\":\"Der Elektrotrottinett kommt nach Verdun. Eine neue Art, diese geschichtstr\u00e4chtige Stadt zu entdecken.\",\"breadcrumb\":{\"@id\":\"https:\/\/www.landofmemory.eu\/de\/verdun-mit-dem-elektroroller\/#breadcrumb\"},\"inLanguage\":\"de\",\"potentialAction\":[{\"@type\":\"ReadAction\",\"target\":[\"https:\/\/www.landofmemory.eu\/de\/verdun-mit-dem-elektroroller\/\"]}]},{\"@type\":\"ImageObject\",\"inLanguage\":\"de\",\"@id\":\"https:\/\/www.landofmemory.eu\/de\/verdun-mit-dem-elektroroller\/#primaryimage\",\"url\":\"https:\/\/www.landofmemory.eu\/wp-content\/uploads\/2022\/07\/wildridersfacebook-1024x768.jpeg\",\"contentUrl\":\"https:\/\/www.landofmemory.eu\/wp-content\/uploads\/2022\/07\/wildridersfacebook-1024x768.jpeg\"},{\"@type\":\"BreadcrumbList\",\"@id\":\"https:\/\/www.landofmemory.eu\/de\/verdun-mit-dem-elektroroller\/#breadcrumb\",\"itemListElement\":[{\"@type\":\"ListItem\",\"position\":1,\"name\":\"Accueil\",\"item\":\"https:\/\/www.landofmemory.eu\/\"},{\"@type\":\"ListItem\",\"position\":2,\"name\":\"Verdun mit dem Elektroroller\"}]},{\"@type\":\"WebSite\",\"@id\":\"https:\/\/www.landofmemory.eu\/#website\",\"url\":\"https:\/\/www.landofmemory.eu\/\",\"name\":\"Land Of Memory\",\"description\":\"L&#039;histoire commence ici\",\"publisher\":{\"@id\":\"https:\/\/www.landofmemory.eu\/#organization\"},\"potentialAction\":[{\"@type\":\"SearchAction\",\"target\":{\"@type\":\"EntryPoint\",\"urlTemplate\":\"https:\/\/www.landofmemory.eu\/?s={search_term_string}\"},\"query-input\":{\"@type\":\"PropertyValueSpecification\",\"valueRequired\":true,\"valueName\":\"search_term_string\"}}],\"inLanguage\":\"de\"},{\"@type\":\"Organization\",\"@id\":\"https:\/\/www.landofmemory.eu\/#organization\",\"name\":\"Land Of Memory\",\"url\":\"https:\/\/www.landofmemory.eu\/\",\"logo\":{\"@type\":\"ImageObject\",\"inLanguage\":\"de\",\"@id\":\"https:\/\/www.landofmemory.eu\/#\/schema\/logo\/image\/\",\"url\":\"https:\/\/www.landofmemory.eu\/wp-content\/uploads\/2022\/10\/logo-land-of-memory.jpg\",\"contentUrl\":\"https:\/\/www.landofmemory.eu\/wp-content\/uploads\/2022\/10\/logo-land-of-memory.jpg\",\"width\":1000,\"height\":500,\"caption\":\"Land Of Memory\"},\"image\":{\"@id\":\"https:\/\/www.landofmemory.eu\/#\/schema\/logo\/image\/\"},\"sameAs\":[\"https:\/\/www.facebook.com\/landofmemory.eu\",\"https:\/\/www.instagram.com\/landofmemory_eu\/\"]},{\"@type\":\"Person\",\"@id\":\"https:\/\/www.landofmemory.eu\/#\/schema\/person\/3a354fbb160c68816af4cedf9a3298a3\",\"name\":\"Flavie\",\"image\":{\"@type\":\"ImageObject\",\"inLanguage\":\"de\",\"@id\":\"https:\/\/www.landofmemory.eu\/#\/schema\/person\/image\/\",\"url\":\"https:\/\/secure.gravatar.com\/avatar\/aae4e465e314f642e145e6911d78ad1f992398054d5db98c6bb0bae76a16af16?s=96&d=mm&r=g\",\"contentUrl\":\"https:\/\/secure.gravatar.com\/avatar\/aae4e465e314f642e145e6911d78ad1f992398054d5db98c6bb0bae76a16af16?s=96&d=mm&r=g\",\"caption\":\"Flavie\"},\"url\":\"https:\/\/www.landofmemory.eu\/de\/author\/berry\/\"}]}<\/script>\n<!-- \/ Yoast SEO plugin. -->","yoast_head_json":{"title":"Verdun mit dem Elektroroller - Land Of Memory","description":"Der Elektrotrottinett kommt nach Verdun. Eine neue Art, diese geschichtstr\u00e4chtige Stadt zu entdecken.","robots":{"index":"index","follow":"follow","max-snippet":"max-snippet:-1","max-image-preview":"max-image-preview:large","max-video-preview":"max-video-preview:-1"},"canonical":"https:\/\/www.landofmemory.eu\/de\/verdun-mit-dem-elektroroller\/","og_locale":"de_DE","og_type":"article","og_title":"Verdun mit dem Elektroroller - Land Of Memory","og_description":"Der Elektrotrottinett kommt nach Verdun. Eine neue Art, diese geschichtstr\u00e4chtige Stadt zu entdecken.","og_url":"https:\/\/www.landofmemory.eu\/de\/verdun-mit-dem-elektroroller\/","og_site_name":"Land Of Memory","article_publisher":"https:\/\/www.facebook.com\/landofmemory.eu","article_published_time":"2022-07-25T14:05:48+00:00","article_modified_time":"2023-01-09T10:38:01+00:00","og_image":[{"width":1440,"height":1080,"url":"https:\/\/www.landofmemory.eu\/wp-content\/uploads\/2022\/07\/wildridersfacebook.jpeg","type":"image\/jpeg"}],"author":"Flavie","twitter_card":"summary_large_image","twitter_misc":{"Verfasst von":"Flavie","Gesch\u00e4tzte Lesezeit":"1\u00a0Minute"},"schema":{"@context":"https:\/\/schema.org","@graph":[{"@type":"Article","@id":"https:\/\/www.landofmemory.eu\/de\/verdun-mit-dem-elektroroller\/#article","isPartOf":{"@id":"https:\/\/www.landofmemory.eu\/de\/verdun-mit-dem-elektroroller\/"},"author":{"name":"Flavie","@id":"https:\/\/www.landofmemory.eu\/#\/schema\/person\/3a354fbb160c68816af4cedf9a3298a3"},"headline":"Verdun mit dem Elektroroller","datePublished":"2022-07-25T14:05:48+00:00","dateModified":"2023-01-09T10:38:01+00:00","mainEntityOfPage":{"@id":"https:\/\/www.landofmemory.eu\/de\/verdun-mit-dem-elektroroller\/"},"wordCount":162,"publisher":{"@id":"https:\/\/www.landofmemory.eu\/#organization"},"image":{"@id":"https:\/\/www.landofmemory.eu\/de\/verdun-mit-dem-elektroroller\/#primaryimage"},"thumbnailUrl":"https:\/\/www.landofmemory.eu\/wp-content\/uploads\/2022\/07\/wildridersfacebook-1024x768.jpeg","articleSection":["Nachrichten"],"inLanguage":"de"},{"@type":"WebPage","@id":"https:\/\/www.landofmemory.eu\/de\/verdun-mit-dem-elektroroller\/","url":"https:\/\/www.landofmemory.eu\/de\/verdun-mit-dem-elektroroller\/","name":"Verdun mit dem Elektroroller - Land Of Memory","isPartOf":{"@id":"https:\/\/www.landofmemory.eu\/#website"},"primaryImageOfPage":{"@id":"https:\/\/www.landofmemory.eu\/de\/verdun-mit-dem-elektroroller\/#primaryimage"},"image":{"@id":"https:\/\/www.landofmemory.eu\/de\/verdun-mit-dem-elektroroller\/#primaryimage"},"thumbnailUrl":"https:\/\/www.landofmemory.eu\/wp-content\/uploads\/2022\/07\/wildridersfacebook-1024x768.jpeg","datePublished":"2022-07-25T14:05:48+00:00","dateModified":"2023-01-09T10:38:01+00:00","description":"Der Elektrotrottinett kommt nach Verdun. Eine neue Art, diese geschichtstr\u00e4chtige Stadt zu entdecken.","breadcrumb":{"@id":"https:\/\/www.landofmemory.eu\/de\/verdun-mit-dem-elektroroller\/#breadcrumb"},"inLanguage":"de","potentialAction":[{"@type":"ReadAction","target":["https:\/\/www.landofmemory.eu\/de\/verdun-mit-dem-elektroroller\/"]}]},{"@type":"ImageObject","inLanguage":"de","@id":"https:\/\/www.landofmemory.eu\/de\/verdun-mit-dem-elektroroller\/#primaryimage","url":"https:\/\/www.landofmemory.eu\/wp-content\/uploads\/2022\/07\/wildridersfacebook-1024x768.jpeg","contentUrl":"https:\/\/www.landofmemory.eu\/wp-content\/uploads\/2022\/07\/wildridersfacebook-1024x768.jpeg"},{"@type":"BreadcrumbList","@id":"https:\/\/www.landofmemory.eu\/de\/verdun-mit-dem-elektroroller\/#breadcrumb","itemListElement":[{"@type":"ListItem","position":1,"name":"Accueil","item":"https:\/\/www.landofmemory.eu\/"},{"@type":"ListItem","position":2,"name":"Verdun mit dem Elektroroller"}]},{"@type":"WebSite","@id":"https:\/\/www.landofmemory.eu\/#website","url":"https:\/\/www.landofmemory.eu\/","name":"Land Of Memory","description":"L&#039;histoire commence ici","publisher":{"@id":"https:\/\/www.landofmemory.eu\/#organization"},"potentialAction":[{"@type":"SearchAction","target":{"@type":"EntryPoint","urlTemplate":"https:\/\/www.landofmemory.eu\/?s={search_term_string}"},"query-input":{"@type":"PropertyValueSpecification","valueRequired":true,"valueName":"search_term_string"}}],"inLanguage":"de"},{"@type":"Organization","@id":"https:\/\/www.landofmemory.eu\/#organization","name":"Land Of Memory","url":"https:\/\/www.landofmemory.eu\/","logo":{"@type":"ImageObject","inLanguage":"de","@id":"https:\/\/www.landofmemory.eu\/#\/schema\/logo\/image\/","url":"https:\/\/www.landofmemory.eu\/wp-content\/uploads\/2022\/10\/logo-land-of-memory.jpg","contentUrl":"https:\/\/www.landofmemory.eu\/wp-content\/uploads\/2022\/10\/logo-land-of-memory.jpg","width":1000,"height":500,"caption":"Land Of Memory"},"image":{"@id":"https:\/\/www.landofmemory.eu\/#\/schema\/logo\/image\/"},"sameAs":["https:\/\/www.facebook.com\/landofmemory.eu","https:\/\/www.instagram.com\/landofmemory_eu\/"]},{"@type":"Person","@id":"https:\/\/www.landofmemory.eu\/#\/schema\/person\/3a354fbb160c68816af4cedf9a3298a3","name":"Flavie","image":{"@type":"ImageObject","inLanguage":"de","@id":"https:\/\/www.landofmemory.eu\/#\/schema\/person\/image\/","url":"https:\/\/secure.gravatar.com\/avatar\/aae4e465e314f642e145e6911d78ad1f992398054d5db98c6bb0bae76a16af16?s=96&d=mm&r=g","contentUrl":"https:\/\/secure.gravatar.com\/avatar\/aae4e465e314f642e145e6911d78ad1f992398054d5db98c6bb0bae76a16af16?s=96&d=mm&r=g","caption":"Flavie"},"url":"https:\/\/www.landofmemory.eu\/de\/author\/berry\/"}]}},"_links":{"self":[{"href":"https:\/\/www.landofmemory.eu\/de\/wp-json\/wp\/v2\/posts\/10440","targetHints":{"allow":["GET"]}}],"collection":[{"href":"https:\/\/www.landofmemory.eu\/de\/wp-json\/wp\/v2\/posts"}],"about":[{"href":"https:\/\/www.landofmemory.eu\/de\/wp-json\/wp\/v2\/types\/post"}],"author":[{"embeddable":true,"href":"https:\/\/www.landofmemory.eu\/de\/wp-json\/wp\/v2\/users\/4"}],"replies":[{"embeddable":true,"href":"https:\/\/www.landofmemory.eu\/de\/wp-json\/wp\/v2\/comments?post=10440"}],"version-history":[{"count":2,"href":"https:\/\/www.landofmemory.eu\/de\/wp-json\/wp\/v2\/posts\/10440\/revisions"}],"predecessor-version":[{"id":12597,"href":"https:\/\/www.landofmemory.eu\/de\/wp-json\/wp\/v2\/posts\/10440\/revisions\/12597"}],"wp:attachment":[{"href":"https:\/\/www.landofmemory.eu\/de\/wp-json\/wp\/v2\/media?parent=10440"}],"wp:term":[{"taxonomy":"category","embeddable":true,"href":"https:\/\/www.landofmemory.eu\/de\/wp-json\/wp\/v2\/categories?post=10440"},{"taxonomy":"post_tag","embeddable":true,"href":"https:\/\/www.landofmemory.eu\/de\/wp-json\/wp\/v2\/tags?post=10440"}],"curies":[{"name":"wp","href":"https:\/\/api.w.org\/{rel}","templated":true}]}}