{"id":10456,"date":"2022-07-26T10:29:34","date_gmt":"2022-07-26T08:29:34","guid":{"rendered":"https:\/\/www.landofmemory.eu\/zwei-neue-immersive-erfahrungen-in-bastogne\/"},"modified":"2023-01-09T11:37:55","modified_gmt":"2023-01-09T10:37:55","slug":"zwei-neue-immersive-erfahrungen-in-bastogne","status":"publish","type":"post","link":"https:\/\/www.landofmemory.eu\/de\/zwei-neue-immersive-erfahrungen-in-bastogne\/","title":{"rendered":"ZWEI NEUE IMMERSIVE ERFAHRUNGEN IN BASTOGNE"},"content":{"rendered":"\n<p>Am 9. Juli er\u00f6ffnete das Bastogne War Museum seine neue Ausstellungserweiterung. Das Museum bietet Ihnen zwei neue, noch nie dagewesene Erlebnisse: &#8222;G\u00e9n\u00e9rations 45&#8220; und &#8222;Bois Jacques&#8220;. Diese neuen Einrichtungen werden Ihnen die Geschichte n\u00e4her bringen. Das Museum wird immer mehr zu einem Dokumentations- und Archivzentrum f\u00fcr alle.<\/p>\n\n<h2 class=\"wp-block-heading\">&#8220; G\u00e9n\u00e9rations 45&#8243;<\/h2>\n\n<p>Wie der Name schon sagt, f\u00fchrt Sie diese Erweiterung mitten in die Zeit von 1945 bis zum Fall der Berliner Mauer. Diese immersive, autodidaktische Tour wird durch eine Reihe von Berichten von Soldaten und Einwohnern bestimmt, die diese harten Zeiten \u00fcberstanden haben. W\u00e4hrend des Rundgangs werden Sie ein altes, nachgebautes Programmkino entdecken. Es wird ein Film gezeigt, der den sozialen, wirtschaftlichen und kulturellen Kontext der Zeit nach dem Zweiten Weltkrieg darstellt. &#13;\n<\/p>\n\n<figure class=\"wp-block-image size-large\"><img loading=\"lazy\" decoding=\"async\" width=\"1024\" height=\"681\" src=\"https:\/\/www.landofmemory.eu\/wp-content\/uploads\/2022\/07\/film-1024x681.jpg\" alt=\"\" class=\"wp-image-9754\" srcset=\"https:\/\/www.landofmemory.eu\/wp-content\/uploads\/2022\/07\/film-1024x681.jpg 1024w, https:\/\/www.landofmemory.eu\/wp-content\/uploads\/2022\/07\/film-300x200.jpg 300w, https:\/\/www.landofmemory.eu\/wp-content\/uploads\/2022\/07\/film-768x511.jpg 768w, https:\/\/www.landofmemory.eu\/wp-content\/uploads\/2022\/07\/film-1536x1022.jpg 1536w, https:\/\/www.landofmemory.eu\/wp-content\/uploads\/2022\/07\/film-2048x1363.jpg 2048w, https:\/\/www.landofmemory.eu\/wp-content\/uploads\/2022\/07\/film-600x399.jpg 600w\" sizes=\"auto, (max-width: 1024px) 100vw, 1024px\" \/><\/figure>\n\n<p>Dieser Kontext wird auf eine neue Art und Weise erz\u00e4hlt, indem die Lebensabschnitte von zwei Veteranen verfolgt werden: Sergio, ein amerikanischer Staatsb\u00fcrger, und Karl, ein deutscher Soldat, der sich entschied, in einem Dorf in der N\u00e4he von Bastogne zu bleiben. Ihr Leben ist Teil der europ\u00e4ischen Nachkriegsgeschichte. Dank der Unterst\u00fctzung ihrer Familien ist dieser Besuch ein authentischer und emotionaler Moment.&#13;\n<\/p>\n\n<figure class=\"wp-block-gallery has-nested-images columns-default is-cropped wp-block-gallery-1 is-layout-flex wp-block-gallery-is-layout-flex\">\n<figure class=\"wp-block-image size-large\"><img loading=\"lazy\" decoding=\"async\" width=\"1024\" height=\"681\" data-id=\"9744\" src=\"https:\/\/www.landofmemory.eu\/wp-content\/uploads\/2022\/07\/bastogne-1-1024x681.jpg\" alt=\"\" class=\"wp-image-9744\" srcset=\"https:\/\/www.landofmemory.eu\/wp-content\/uploads\/2022\/07\/bastogne-1-1024x681.jpg 1024w, https:\/\/www.landofmemory.eu\/wp-content\/uploads\/2022\/07\/bastogne-1-300x200.jpg 300w, https:\/\/www.landofmemory.eu\/wp-content\/uploads\/2022\/07\/bastogne-1-768x511.jpg 768w, https:\/\/www.landofmemory.eu\/wp-content\/uploads\/2022\/07\/bastogne-1-1536x1022.jpg 1536w, https:\/\/www.landofmemory.eu\/wp-content\/uploads\/2022\/07\/bastogne-1-2048x1363.jpg 2048w, https:\/\/www.landofmemory.eu\/wp-content\/uploads\/2022\/07\/bastogne-1-600x399.jpg 600w\" sizes=\"auto, (max-width: 1024px) 100vw, 1024px\" \/><\/figure>\n\n\n\n<figure class=\"wp-block-image size-large\"><img loading=\"lazy\" decoding=\"async\" width=\"1024\" height=\"681\" data-id=\"9748\" src=\"https:\/\/www.landofmemory.eu\/wp-content\/uploads\/2022\/07\/prisonnier-1024x681.jpg\" alt=\"\" class=\"wp-image-9748\" srcset=\"https:\/\/www.landofmemory.eu\/wp-content\/uploads\/2022\/07\/prisonnier-1024x681.jpg 1024w, https:\/\/www.landofmemory.eu\/wp-content\/uploads\/2022\/07\/prisonnier-300x200.jpg 300w, https:\/\/www.landofmemory.eu\/wp-content\/uploads\/2022\/07\/prisonnier-768x511.jpg 768w, https:\/\/www.landofmemory.eu\/wp-content\/uploads\/2022\/07\/prisonnier-1536x1022.jpg 1536w, https:\/\/www.landofmemory.eu\/wp-content\/uploads\/2022\/07\/prisonnier-2048x1363.jpg 2048w, https:\/\/www.landofmemory.eu\/wp-content\/uploads\/2022\/07\/prisonnier-600x399.jpg 600w\" sizes=\"auto, (max-width: 1024px) 100vw, 1024px\" \/><\/figure>\n<\/figure>\n\n<h2 class=\"wp-block-heading\">Der Bois Jacques (&#8222;Jack&#8217;s Wood&#8220;)<\/h2>\n\n<p>Wir verlassen das Museum in Richtung Bois Jacques! <\/p>\n\n<p>Seit Spielberg und dem ber\u00fchmten Tom Hanks ist der Bois Jacques zu einem unumg\u00e4nglichen Ort der Ardennenschlacht geworden. In diesem Wald k\u00e4mpften die nicht weniger legend\u00e4ren Paras der 101. Airborne in Fuchsl\u00f6chern, den sogenannten &#8222;Foxholes&#8220;.<\/p>\n\n<p>Vom 19. Dezember 1944 bis zum 17. Januar 1945 verlief die Frontlinie durch den Tannenwald zwischen den D\u00f6rfern Foy und Bizory, ganz in der N\u00e4he des Mardasson. Dieser Ort wurde zu einem Pilgerort, an dem man die \u00dcberreste der Vergangenheit wie die ber\u00fchmten Foxholes, die auch heute noch zu sehen sind, beobachten kann.&#13;\n<\/p>\n<div class=\"wp-block-image\">\n<figure class=\"aligncenter size-full\"><img loading=\"lazy\" decoding=\"async\" width=\"624\" height=\"415\" src=\"https:\/\/www.landofmemory.eu\/wp-content\/uploads\/2022\/07\/boisjacques.jpeg\" alt=\"\" class=\"wp-image-9702\" srcset=\"https:\/\/www.landofmemory.eu\/wp-content\/uploads\/2022\/07\/boisjacques.jpeg 624w, https:\/\/www.landofmemory.eu\/wp-content\/uploads\/2022\/07\/boisjacques-300x200.jpeg 300w, https:\/\/www.landofmemory.eu\/wp-content\/uploads\/2022\/07\/boisjacques-600x399.jpeg 600w\" sizes=\"auto, (max-width: 624px) 100vw, 624px\" \/><figcaption>\u00a9Idelux<\/figcaption><\/figure>\n<\/div>\n<p>Um Ihnen ein noch fesselnderes Erlebnis zu bieten, wird der Besucher mithilfe einer brandneuen App mitten in die K\u00e4mpfe des Winters 1944 versetzt. Die Benutzung ist sehr einfach: Sie brauchen nur Ihr Smartphone, ein Klick und die Magie ist da&#8230; Sie sind mitten im Kampf und erleben den Alltag der G.I.s der Easy Company hautnah mit. In sechs Episoden erleben Sie die Charaktere der Waffenbr\u00fcder in 360\u00b0. Diese erweiterte Realit\u00e4t bietet eine totale Immersion.&#13;\n<\/p>\n\n<p>Die App ist im Eintrittspreis des Museums enthalten und kann vorab bei Google Play oder im App Store heruntergeladen werden. Sie m\u00fcssen jedoch vor Ort erscheinen, um dort die Geschichte nacherleben zu k\u00f6nnen. Die App lokalisiert Sie n\u00e4mlich, damit Sie die Geschehnisse genau dort erleben k\u00f6nnen, wo sie stattgefunden haben!<\/p>\n\n<p>Der franz\u00f6sische Youtuber Nota Bene (Benjamin Brillaud mit b\u00fcrgerlichem Namen), ein Spezialist f\u00fcr Geschichte, begleitet Sie bei Ihrem Besuch. Mit seinem Wissen hilft er Ihnen w\u00e4hrend des Rundgangs, die Geschichte zu verstehen. &#13;\n<\/p>\n\n<p>Die App ist in vier Sprachen verf\u00fcgbar: Franz\u00f6sisch, Englisch, Deutsch und Niederl\u00e4ndisch.<\/p>\n","protected":false},"excerpt":{"rendered":"<p>Am 9. Juli er\u00f6ffnete das Bastogne War Museum seine neue Ausstellungserweiterung. Das Museum bietet Ihnen zwei neue, noch nie dagewesene Erlebnisse: &#8222;G\u00e9n\u00e9rations 45&#8220; und &#8222;Bois Jacques&#8220;. Diese neuen Einrichtungen werden Ihnen die Geschichte n\u00e4her bringen. Das Museum wird immer mehr zu einem Dokumentations- und Archivzentrum f\u00fcr alle. &#8220; G\u00e9n\u00e9rations 45&#8243; Wie der Name schon sagt, [&hellip;]<\/p>\n","protected":false},"author":4,"featured_media":0,"comment_status":"closed","ping_status":"open","sticky":false,"template":"","format":"standard","meta":{"_acf_changed":false,"footnotes":""},"categories":[114],"tags":[],"class_list":["post-10456","post","type-post","status-publish","format-standard","hentry","category-nachrichten"],"acf":[],"yoast_head":"<!-- This site is optimized with the Yoast SEO plugin v26.0 - https:\/\/yoast.com\/wordpress\/plugins\/seo\/ -->\n<title>ZWEI NEUE IMMERSIVE ERFAHRUNGEN IN BASTOGNE - Land Of Memory<\/title>\n<meta name=\"description\" content=\"Kurs auf Bastogne! Seit dem 9. Juli stehen zwei neue immersive Erlebnisse zur Verf\u00fcgung: &quot;Generation 45&quot; und &quot;Bois Jacques&quot;.\" \/>\n<meta name=\"robots\" content=\"index, follow, max-snippet:-1, max-image-preview:large, max-video-preview:-1\" \/>\n<link rel=\"canonical\" href=\"https:\/\/www.landofmemory.eu\/de\/zwei-neue-immersive-erfahrungen-in-bastogne\/\" \/>\n<meta property=\"og:locale\" content=\"de_DE\" \/>\n<meta property=\"og:type\" content=\"article\" \/>\n<meta property=\"og:title\" content=\"ZWEI NEUE IMMERSIVE ERFAHRUNGEN IN BASTOGNE - Land Of Memory\" \/>\n<meta property=\"og:description\" content=\"Kurs auf Bastogne! Seit dem 9. Juli stehen zwei neue immersive Erlebnisse zur Verf\u00fcgung: &quot;Generation 45&quot; und &quot;Bois Jacques&quot;.\" \/>\n<meta property=\"og:url\" content=\"https:\/\/www.landofmemory.eu\/de\/zwei-neue-immersive-erfahrungen-in-bastogne\/\" \/>\n<meta property=\"og:site_name\" content=\"Land Of Memory\" \/>\n<meta property=\"article:publisher\" content=\"https:\/\/www.facebook.com\/landofmemory.eu\" \/>\n<meta property=\"article:published_time\" content=\"2022-07-26T08:29:34+00:00\" \/>\n<meta property=\"article:modified_time\" content=\"2023-01-09T10:37:55+00:00\" \/>\n<meta property=\"og:image\" content=\"https:\/\/www.landofmemory.eu\/wp-content\/uploads\/2022\/07\/film-1024x681.jpg\" \/>\n<meta name=\"author\" content=\"Flavie\" \/>\n<meta name=\"twitter:card\" content=\"summary_large_image\" \/>\n<meta name=\"twitter:label1\" content=\"Verfasst von\" \/>\n\t<meta name=\"twitter:data1\" content=\"Flavie\" \/>\n\t<meta name=\"twitter:label2\" content=\"Gesch\u00e4tzte Lesezeit\" \/>\n\t<meta name=\"twitter:data2\" content=\"2\u00a0Minuten\" \/>\n<script type=\"application\/ld+json\" class=\"yoast-schema-graph\">{\"@context\":\"https:\/\/schema.org\",\"@graph\":[{\"@type\":\"Article\",\"@id\":\"https:\/\/www.landofmemory.eu\/de\/zwei-neue-immersive-erfahrungen-in-bastogne\/#article\",\"isPartOf\":{\"@id\":\"https:\/\/www.landofmemory.eu\/de\/zwei-neue-immersive-erfahrungen-in-bastogne\/\"},\"author\":{\"name\":\"Flavie\",\"@id\":\"https:\/\/www.landofmemory.eu\/#\/schema\/person\/3a354fbb160c68816af4cedf9a3298a3\"},\"headline\":\"ZWEI NEUE IMMERSIVE ERFAHRUNGEN IN BASTOGNE\",\"datePublished\":\"2022-07-26T08:29:34+00:00\",\"dateModified\":\"2023-01-09T10:37:55+00:00\",\"mainEntityOfPage\":{\"@id\":\"https:\/\/www.landofmemory.eu\/de\/zwei-neue-immersive-erfahrungen-in-bastogne\/\"},\"wordCount\":483,\"publisher\":{\"@id\":\"https:\/\/www.landofmemory.eu\/#organization\"},\"image\":{\"@id\":\"https:\/\/www.landofmemory.eu\/de\/zwei-neue-immersive-erfahrungen-in-bastogne\/#primaryimage\"},\"thumbnailUrl\":\"https:\/\/www.landofmemory.eu\/wp-content\/uploads\/2022\/07\/film-1024x681.jpg\",\"articleSection\":[\"Nachrichten\"],\"inLanguage\":\"de\"},{\"@type\":\"WebPage\",\"@id\":\"https:\/\/www.landofmemory.eu\/de\/zwei-neue-immersive-erfahrungen-in-bastogne\/\",\"url\":\"https:\/\/www.landofmemory.eu\/de\/zwei-neue-immersive-erfahrungen-in-bastogne\/\",\"name\":\"ZWEI NEUE IMMERSIVE ERFAHRUNGEN IN BASTOGNE - Land Of Memory\",\"isPartOf\":{\"@id\":\"https:\/\/www.landofmemory.eu\/#website\"},\"primaryImageOfPage\":{\"@id\":\"https:\/\/www.landofmemory.eu\/de\/zwei-neue-immersive-erfahrungen-in-bastogne\/#primaryimage\"},\"image\":{\"@id\":\"https:\/\/www.landofmemory.eu\/de\/zwei-neue-immersive-erfahrungen-in-bastogne\/#primaryimage\"},\"thumbnailUrl\":\"https:\/\/www.landofmemory.eu\/wp-content\/uploads\/2022\/07\/film-1024x681.jpg\",\"datePublished\":\"2022-07-26T08:29:34+00:00\",\"dateModified\":\"2023-01-09T10:37:55+00:00\",\"description\":\"Kurs auf Bastogne! Seit dem 9. Juli stehen zwei neue immersive Erlebnisse zur Verf\u00fcgung: \\\"Generation 45\\\" und \\\"Bois Jacques\\\".\",\"breadcrumb\":{\"@id\":\"https:\/\/www.landofmemory.eu\/de\/zwei-neue-immersive-erfahrungen-in-bastogne\/#breadcrumb\"},\"inLanguage\":\"de\",\"potentialAction\":[{\"@type\":\"ReadAction\",\"target\":[\"https:\/\/www.landofmemory.eu\/de\/zwei-neue-immersive-erfahrungen-in-bastogne\/\"]}]},{\"@type\":\"ImageObject\",\"inLanguage\":\"de\",\"@id\":\"https:\/\/www.landofmemory.eu\/de\/zwei-neue-immersive-erfahrungen-in-bastogne\/#primaryimage\",\"url\":\"https:\/\/www.landofmemory.eu\/wp-content\/uploads\/2022\/07\/film-1024x681.jpg\",\"contentUrl\":\"https:\/\/www.landofmemory.eu\/wp-content\/uploads\/2022\/07\/film-1024x681.jpg\"},{\"@type\":\"BreadcrumbList\",\"@id\":\"https:\/\/www.landofmemory.eu\/de\/zwei-neue-immersive-erfahrungen-in-bastogne\/#breadcrumb\",\"itemListElement\":[{\"@type\":\"ListItem\",\"position\":1,\"name\":\"Accueil\",\"item\":\"https:\/\/www.landofmemory.eu\/\"},{\"@type\":\"ListItem\",\"position\":2,\"name\":\"ZWEI NEUE IMMERSIVE ERFAHRUNGEN IN BASTOGNE\"}]},{\"@type\":\"WebSite\",\"@id\":\"https:\/\/www.landofmemory.eu\/#website\",\"url\":\"https:\/\/www.landofmemory.eu\/\",\"name\":\"Land Of Memory\",\"description\":\"L&#039;histoire commence ici\",\"publisher\":{\"@id\":\"https:\/\/www.landofmemory.eu\/#organization\"},\"potentialAction\":[{\"@type\":\"SearchAction\",\"target\":{\"@type\":\"EntryPoint\",\"urlTemplate\":\"https:\/\/www.landofmemory.eu\/?s={search_term_string}\"},\"query-input\":{\"@type\":\"PropertyValueSpecification\",\"valueRequired\":true,\"valueName\":\"search_term_string\"}}],\"inLanguage\":\"de\"},{\"@type\":\"Organization\",\"@id\":\"https:\/\/www.landofmemory.eu\/#organization\",\"name\":\"Land Of Memory\",\"url\":\"https:\/\/www.landofmemory.eu\/\",\"logo\":{\"@type\":\"ImageObject\",\"inLanguage\":\"de\",\"@id\":\"https:\/\/www.landofmemory.eu\/#\/schema\/logo\/image\/\",\"url\":\"https:\/\/www.landofmemory.eu\/wp-content\/uploads\/2022\/10\/logo-land-of-memory.jpg\",\"contentUrl\":\"https:\/\/www.landofmemory.eu\/wp-content\/uploads\/2022\/10\/logo-land-of-memory.jpg\",\"width\":1000,\"height\":500,\"caption\":\"Land Of Memory\"},\"image\":{\"@id\":\"https:\/\/www.landofmemory.eu\/#\/schema\/logo\/image\/\"},\"sameAs\":[\"https:\/\/www.facebook.com\/landofmemory.eu\",\"https:\/\/www.instagram.com\/landofmemory_eu\/\"]},{\"@type\":\"Person\",\"@id\":\"https:\/\/www.landofmemory.eu\/#\/schema\/person\/3a354fbb160c68816af4cedf9a3298a3\",\"name\":\"Flavie\",\"image\":{\"@type\":\"ImageObject\",\"inLanguage\":\"de\",\"@id\":\"https:\/\/www.landofmemory.eu\/#\/schema\/person\/image\/\",\"url\":\"https:\/\/secure.gravatar.com\/avatar\/aae4e465e314f642e145e6911d78ad1f992398054d5db98c6bb0bae76a16af16?s=96&d=mm&r=g\",\"contentUrl\":\"https:\/\/secure.gravatar.com\/avatar\/aae4e465e314f642e145e6911d78ad1f992398054d5db98c6bb0bae76a16af16?s=96&d=mm&r=g\",\"caption\":\"Flavie\"},\"url\":\"https:\/\/www.landofmemory.eu\/de\/author\/berry\/\"}]}<\/script>\n<!-- \/ Yoast SEO plugin. -->","yoast_head_json":{"title":"ZWEI NEUE IMMERSIVE ERFAHRUNGEN IN BASTOGNE - Land Of Memory","description":"Kurs auf Bastogne! Seit dem 9. Juli stehen zwei neue immersive Erlebnisse zur Verf\u00fcgung: \"Generation 45\" und \"Bois Jacques\".","robots":{"index":"index","follow":"follow","max-snippet":"max-snippet:-1","max-image-preview":"max-image-preview:large","max-video-preview":"max-video-preview:-1"},"canonical":"https:\/\/www.landofmemory.eu\/de\/zwei-neue-immersive-erfahrungen-in-bastogne\/","og_locale":"de_DE","og_type":"article","og_title":"ZWEI NEUE IMMERSIVE ERFAHRUNGEN IN BASTOGNE - Land Of Memory","og_description":"Kurs auf Bastogne! Seit dem 9. Juli stehen zwei neue immersive Erlebnisse zur Verf\u00fcgung: \"Generation 45\" und \"Bois Jacques\".","og_url":"https:\/\/www.landofmemory.eu\/de\/zwei-neue-immersive-erfahrungen-in-bastogne\/","og_site_name":"Land Of Memory","article_publisher":"https:\/\/www.facebook.com\/landofmemory.eu","article_published_time":"2022-07-26T08:29:34+00:00","article_modified_time":"2023-01-09T10:37:55+00:00","og_image":[{"url":"https:\/\/www.landofmemory.eu\/wp-content\/uploads\/2022\/07\/film-1024x681.jpg","type":"","width":"","height":""}],"author":"Flavie","twitter_card":"summary_large_image","twitter_misc":{"Verfasst von":"Flavie","Gesch\u00e4tzte Lesezeit":"2\u00a0Minuten"},"schema":{"@context":"https:\/\/schema.org","@graph":[{"@type":"Article","@id":"https:\/\/www.landofmemory.eu\/de\/zwei-neue-immersive-erfahrungen-in-bastogne\/#article","isPartOf":{"@id":"https:\/\/www.landofmemory.eu\/de\/zwei-neue-immersive-erfahrungen-in-bastogne\/"},"author":{"name":"Flavie","@id":"https:\/\/www.landofmemory.eu\/#\/schema\/person\/3a354fbb160c68816af4cedf9a3298a3"},"headline":"ZWEI NEUE IMMERSIVE ERFAHRUNGEN IN BASTOGNE","datePublished":"2022-07-26T08:29:34+00:00","dateModified":"2023-01-09T10:37:55+00:00","mainEntityOfPage":{"@id":"https:\/\/www.landofmemory.eu\/de\/zwei-neue-immersive-erfahrungen-in-bastogne\/"},"wordCount":483,"publisher":{"@id":"https:\/\/www.landofmemory.eu\/#organization"},"image":{"@id":"https:\/\/www.landofmemory.eu\/de\/zwei-neue-immersive-erfahrungen-in-bastogne\/#primaryimage"},"thumbnailUrl":"https:\/\/www.landofmemory.eu\/wp-content\/uploads\/2022\/07\/film-1024x681.jpg","articleSection":["Nachrichten"],"inLanguage":"de"},{"@type":"WebPage","@id":"https:\/\/www.landofmemory.eu\/de\/zwei-neue-immersive-erfahrungen-in-bastogne\/","url":"https:\/\/www.landofmemory.eu\/de\/zwei-neue-immersive-erfahrungen-in-bastogne\/","name":"ZWEI NEUE IMMERSIVE ERFAHRUNGEN IN BASTOGNE - Land Of Memory","isPartOf":{"@id":"https:\/\/www.landofmemory.eu\/#website"},"primaryImageOfPage":{"@id":"https:\/\/www.landofmemory.eu\/de\/zwei-neue-immersive-erfahrungen-in-bastogne\/#primaryimage"},"image":{"@id":"https:\/\/www.landofmemory.eu\/de\/zwei-neue-immersive-erfahrungen-in-bastogne\/#primaryimage"},"thumbnailUrl":"https:\/\/www.landofmemory.eu\/wp-content\/uploads\/2022\/07\/film-1024x681.jpg","datePublished":"2022-07-26T08:29:34+00:00","dateModified":"2023-01-09T10:37:55+00:00","description":"Kurs auf Bastogne! Seit dem 9. Juli stehen zwei neue immersive Erlebnisse zur Verf\u00fcgung: \"Generation 45\" und \"Bois Jacques\".","breadcrumb":{"@id":"https:\/\/www.landofmemory.eu\/de\/zwei-neue-immersive-erfahrungen-in-bastogne\/#breadcrumb"},"inLanguage":"de","potentialAction":[{"@type":"ReadAction","target":["https:\/\/www.landofmemory.eu\/de\/zwei-neue-immersive-erfahrungen-in-bastogne\/"]}]},{"@type":"ImageObject","inLanguage":"de","@id":"https:\/\/www.landofmemory.eu\/de\/zwei-neue-immersive-erfahrungen-in-bastogne\/#primaryimage","url":"https:\/\/www.landofmemory.eu\/wp-content\/uploads\/2022\/07\/film-1024x681.jpg","contentUrl":"https:\/\/www.landofmemory.eu\/wp-content\/uploads\/2022\/07\/film-1024x681.jpg"},{"@type":"BreadcrumbList","@id":"https:\/\/www.landofmemory.eu\/de\/zwei-neue-immersive-erfahrungen-in-bastogne\/#breadcrumb","itemListElement":[{"@type":"ListItem","position":1,"name":"Accueil","item":"https:\/\/www.landofmemory.eu\/"},{"@type":"ListItem","position":2,"name":"ZWEI NEUE IMMERSIVE ERFAHRUNGEN IN BASTOGNE"}]},{"@type":"WebSite","@id":"https:\/\/www.landofmemory.eu\/#website","url":"https:\/\/www.landofmemory.eu\/","name":"Land Of Memory","description":"L&#039;histoire commence ici","publisher":{"@id":"https:\/\/www.landofmemory.eu\/#organization"},"potentialAction":[{"@type":"SearchAction","target":{"@type":"EntryPoint","urlTemplate":"https:\/\/www.landofmemory.eu\/?s={search_term_string}"},"query-input":{"@type":"PropertyValueSpecification","valueRequired":true,"valueName":"search_term_string"}}],"inLanguage":"de"},{"@type":"Organization","@id":"https:\/\/www.landofmemory.eu\/#organization","name":"Land Of Memory","url":"https:\/\/www.landofmemory.eu\/","logo":{"@type":"ImageObject","inLanguage":"de","@id":"https:\/\/www.landofmemory.eu\/#\/schema\/logo\/image\/","url":"https:\/\/www.landofmemory.eu\/wp-content\/uploads\/2022\/10\/logo-land-of-memory.jpg","contentUrl":"https:\/\/www.landofmemory.eu\/wp-content\/uploads\/2022\/10\/logo-land-of-memory.jpg","width":1000,"height":500,"caption":"Land Of Memory"},"image":{"@id":"https:\/\/www.landofmemory.eu\/#\/schema\/logo\/image\/"},"sameAs":["https:\/\/www.facebook.com\/landofmemory.eu","https:\/\/www.instagram.com\/landofmemory_eu\/"]},{"@type":"Person","@id":"https:\/\/www.landofmemory.eu\/#\/schema\/person\/3a354fbb160c68816af4cedf9a3298a3","name":"Flavie","image":{"@type":"ImageObject","inLanguage":"de","@id":"https:\/\/www.landofmemory.eu\/#\/schema\/person\/image\/","url":"https:\/\/secure.gravatar.com\/avatar\/aae4e465e314f642e145e6911d78ad1f992398054d5db98c6bb0bae76a16af16?s=96&d=mm&r=g","contentUrl":"https:\/\/secure.gravatar.com\/avatar\/aae4e465e314f642e145e6911d78ad1f992398054d5db98c6bb0bae76a16af16?s=96&d=mm&r=g","caption":"Flavie"},"url":"https:\/\/www.landofmemory.eu\/de\/author\/berry\/"}]}},"_links":{"self":[{"href":"https:\/\/www.landofmemory.eu\/de\/wp-json\/wp\/v2\/posts\/10456","targetHints":{"allow":["GET"]}}],"collection":[{"href":"https:\/\/www.landofmemory.eu\/de\/wp-json\/wp\/v2\/posts"}],"about":[{"href":"https:\/\/www.landofmemory.eu\/de\/wp-json\/wp\/v2\/types\/post"}],"author":[{"embeddable":true,"href":"https:\/\/www.landofmemory.eu\/de\/wp-json\/wp\/v2\/users\/4"}],"replies":[{"embeddable":true,"href":"https:\/\/www.landofmemory.eu\/de\/wp-json\/wp\/v2\/comments?post=10456"}],"version-history":[{"count":2,"href":"https:\/\/www.landofmemory.eu\/de\/wp-json\/wp\/v2\/posts\/10456\/revisions"}],"predecessor-version":[{"id":12596,"href":"https:\/\/www.landofmemory.eu\/de\/wp-json\/wp\/v2\/posts\/10456\/revisions\/12596"}],"wp:attachment":[{"href":"https:\/\/www.landofmemory.eu\/de\/wp-json\/wp\/v2\/media?parent=10456"}],"wp:term":[{"taxonomy":"category","embeddable":true,"href":"https:\/\/www.landofmemory.eu\/de\/wp-json\/wp\/v2\/categories?post=10456"},{"taxonomy":"post_tag","embeddable":true,"href":"https:\/\/www.landofmemory.eu\/de\/wp-json\/wp\/v2\/tags?post=10456"}],"curies":[{"name":"wp","href":"https:\/\/api.w.org\/{rel}","templated":true}]}}