{"id":12191,"date":"2022-10-26T10:04:13","date_gmt":"2022-10-26T08:04:13","guid":{"rendered":"https:\/\/www.landofmemory.eu\/die-rueckkehr-des-panthers-in-houffalize\/"},"modified":"2022-10-26T10:04:14","modified_gmt":"2022-10-26T08:04:14","slug":"die-rueckkehr-des-panthers-in-houffalize","status":"publish","type":"post","link":"https:\/\/www.landofmemory.eu\/de\/die-rueckkehr-des-panthers-in-houffalize\/","title":{"rendered":"Die R\u00fcckkehr des Panthers in Houffalize"},"content":{"rendered":"\n<p>Der Panther-Panzer, der f\u00fcr umfangreiche Renovierungsarbeiten weggebracht wurde, kehrt nach Houffalize zur\u00fcck! Er zeugt von einer schrecklichen Vergangenheit, aber auch von solidarischen Momenten, die die Houffalois in Erinnerung behalten. <\/p>\n\n<h2 class=\"wp-block-heading\">Zivilisten w\u00e4hrend der Ardennenschlacht <\/h2>\n\n<p>Einige kleine Ardennenst\u00e4dte wie Houffalize, La Roche oder Manhay liegen im Zentrum von Stra\u00dfenknotenpunkten. Sie werden daher w\u00e4hrend der Ardennenschlacht besonders leiden. <\/p>\n\n<p>Dies ist der Fall in Houffalize, das auf der Stra\u00dfe Bastogne-L\u00fcttich liegt. Sie stellt mit ihrer Br\u00fccke \u00fcber die Ourthe, die am 19. Dezember 1944 von den Amerikanern und sp\u00e4ter von den Deutschen genutzt wird, einen wichtigen \u00dcbergangspunkt dar. <\/p>\n\n<figure class=\"wp-block-image size-full\"><img loading=\"lazy\" decoding=\"async\" width=\"1024\" height=\"765\" src=\"https:\/\/www.landofmemory.eu\/wp-content\/uploads\/2022\/10\/Naralecharhouffalizedanslourthejusque1948.jpg\" alt=\"\" class=\"wp-image-12048\" srcset=\"https:\/\/www.landofmemory.eu\/wp-content\/uploads\/2022\/10\/Naralecharhouffalizedanslourthejusque1948.jpg 1024w, https:\/\/www.landofmemory.eu\/wp-content\/uploads\/2022\/10\/Naralecharhouffalizedanslourthejusque1948-300x224.jpg 300w, https:\/\/www.landofmemory.eu\/wp-content\/uploads\/2022\/10\/Naralecharhouffalizedanslourthejusque1948-768x574.jpg 768w, https:\/\/www.landofmemory.eu\/wp-content\/uploads\/2022\/10\/Naralecharhouffalizedanslourthejusque1948-600x448.jpg 600w\" sizes=\"auto, (max-width: 1024px) 100vw, 1024px\" \/><\/figure>\n\n<p>Houffalize wurde mehrmals von den Alliierten bombardiert: am 25. Dezember, in der Nacht vom 30. auf den 31. Dezember und auf dem H\u00f6hepunkt am 6. Januar 1945, als die britische Luftwaffe die Stadt ausl\u00f6schte, um die deutsche Offensive endg\u00fcltig zu beenden. Die Verluste unter der Zivilbev\u00f6lkerung waren unz\u00e4hlig. 190 alte Menschen, Frauen und Kinder verloren bei den schrecklichen Explosionen ihr Leben. Von 346 Geb\u00e4uden wurden 268 v\u00f6llig zerst\u00f6rt und 78 stark besch\u00e4digt. In Houffalize gab es mehr als 1440 Gesch\u00e4digte. <\/p>\n\n<figure class=\"wp-block-image size-large\"><img loading=\"lazy\" decoding=\"async\" width=\"1024\" height=\"744\" src=\"https:\/\/www.landofmemory.eu\/wp-content\/uploads\/2022\/10\/SIHouffalize-1024x744.jpg\" alt=\"\" class=\"wp-image-12052\" srcset=\"https:\/\/www.landofmemory.eu\/wp-content\/uploads\/2022\/10\/SIHouffalize-1024x744.jpg 1024w, https:\/\/www.landofmemory.eu\/wp-content\/uploads\/2022\/10\/SIHouffalize-300x218.jpg 300w, https:\/\/www.landofmemory.eu\/wp-content\/uploads\/2022\/10\/SIHouffalize-768x558.jpg 768w, https:\/\/www.landofmemory.eu\/wp-content\/uploads\/2022\/10\/SIHouffalize-600x436.jpg 600w, https:\/\/www.landofmemory.eu\/wp-content\/uploads\/2022\/10\/SIHouffalize.jpg 1044w\" sizes=\"auto, (max-width: 1024px) 100vw, 1024px\" \/><\/figure>\n\n<p>Der feindliche Vorsprung wird am 16. Januar 1945 durch die Vereinigung zweier amerikanischer Divisionen zerschlagen.<\/p>\n\n<h2 class=\"wp-block-heading\">Der deutsche Panzer <\/h2>\n\n<p>Dieser Panther-Panzer der 116. deutschen Panzerdivision marschierte am 19. Dezember 1944 in die Stadt ein. Dieser alte Zeuge aus Rost und Stahl hat sich zu einem emblematischen Objekt der Touristenstadt entwickelt. Um es dauerhaft zu erhalten, zog die Stadt Experten des War Heritage Institute der <a href=\"https:\/\/www.landofmemory.eu\/de\/sites-historiques\/bastogne-barracks\/\" target=\"_blank\" rel=\"noopener\">Bastogne Barracks<\/a> und eines deutschen Unternehmens (Eugen KRINGS&#8216; Firma in Waldsolms) hinzu. Nun m\u00fcssen vor Ort noch die Tarnbemalung in drei Farbt\u00f6nen und die richtigen Markierungen weitergef\u00fchrt werden, die von Spezialisten vorgenommen werden. Auch die Raupen werden vor Ort wieder angebracht.<\/p>\n\n<figure class=\"wp-block-image size-large\"><img loading=\"lazy\" decoding=\"async\" width=\"1024\" height=\"678\" src=\"https:\/\/www.landofmemory.eu\/wp-content\/uploads\/2022\/10\/Avant-la-restauration-t-1-1024x678.jpg\" alt=\"\" class=\"wp-image-12036\" srcset=\"https:\/\/www.landofmemory.eu\/wp-content\/uploads\/2022\/10\/Avant-la-restauration-t-1-1024x678.jpg 1024w, https:\/\/www.landofmemory.eu\/wp-content\/uploads\/2022\/10\/Avant-la-restauration-t-1-300x199.jpg 300w, https:\/\/www.landofmemory.eu\/wp-content\/uploads\/2022\/10\/Avant-la-restauration-t-1-768x509.jpg 768w, https:\/\/www.landofmemory.eu\/wp-content\/uploads\/2022\/10\/Avant-la-restauration-t-1-1536x1017.jpg 1536w, https:\/\/www.landofmemory.eu\/wp-content\/uploads\/2022\/10\/Avant-la-restauration-t-1-2048x1356.jpg 2048w, https:\/\/www.landofmemory.eu\/wp-content\/uploads\/2022\/10\/Avant-la-restauration-t-1-600x397.jpg 600w\" sizes=\"auto, (max-width: 1024px) 100vw, 1024px\" \/><\/figure>\n\n<figure class=\"wp-block-image size-large\"><img loading=\"lazy\" decoding=\"async\" width=\"1024\" height=\"768\" src=\"https:\/\/www.landofmemory.eu\/wp-content\/uploads\/2022\/10\/310986946_1302561620494624_3475263390368026864_n-1024x768.jpg\" alt=\"\" class=\"wp-image-12155\" srcset=\"https:\/\/www.landofmemory.eu\/wp-content\/uploads\/2022\/10\/310986946_1302561620494624_3475263390368026864_n-1024x768.jpg 1024w, https:\/\/www.landofmemory.eu\/wp-content\/uploads\/2022\/10\/310986946_1302561620494624_3475263390368026864_n-300x225.jpg 300w, https:\/\/www.landofmemory.eu\/wp-content\/uploads\/2022\/10\/310986946_1302561620494624_3475263390368026864_n-768x576.jpg 768w, https:\/\/www.landofmemory.eu\/wp-content\/uploads\/2022\/10\/310986946_1302561620494624_3475263390368026864_n-1536x1152.jpg 1536w, https:\/\/www.landofmemory.eu\/wp-content\/uploads\/2022\/10\/310986946_1302561620494624_3475263390368026864_n-600x450.jpg 600w, https:\/\/www.landofmemory.eu\/wp-content\/uploads\/2022\/10\/310986946_1302561620494624_3475263390368026864_n.jpg 2048w\" sizes=\"auto, (max-width: 1024px) 100vw, 1024px\" \/><\/figure>\n","protected":false},"excerpt":{"rendered":"<p>Der Panther-Panzer, der f\u00fcr umfangreiche Renovierungsarbeiten weggebracht wurde, kehrt nach Houffalize zur\u00fcck! Er zeugt von einer schrecklichen Vergangenheit, aber auch von solidarischen Momenten, die die Houffalois in Erinnerung behalten. Zivilisten w\u00e4hrend der Ardennenschlacht Einige kleine Ardennenst\u00e4dte wie Houffalize, La Roche oder Manhay liegen im Zentrum von Stra\u00dfenknotenpunkten. Sie werden daher w\u00e4hrend der Ardennenschlacht besonders leiden. [&hellip;]<\/p>\n","protected":false},"author":8,"featured_media":0,"comment_status":"open","ping_status":"open","sticky":false,"template":"","format":"standard","meta":{"_acf_changed":false,"footnotes":""},"categories":[114],"tags":[],"class_list":["post-12191","post","type-post","status-publish","format-standard","hentry","category-nachrichten"],"acf":[],"yoast_head":"<!-- This site is optimized with the Yoast SEO plugin v26.0 - https:\/\/yoast.com\/wordpress\/plugins\/seo\/ -->\n<title>Die R\u00fcckkehr des Panthers in Houffalize - Land Of Memory<\/title>\n<meta name=\"description\" content=\"Der Panther-Panzer ist wieder in Houffalize. Entdecken Sie ein St\u00fcck Geschichte der Ardennenschlacht!\" \/>\n<meta name=\"robots\" content=\"index, follow, max-snippet:-1, max-image-preview:large, max-video-preview:-1\" \/>\n<link rel=\"canonical\" href=\"https:\/\/www.landofmemory.eu\/de\/die-rueckkehr-des-panthers-in-houffalize\/\" \/>\n<meta property=\"og:locale\" content=\"de_DE\" \/>\n<meta property=\"og:type\" content=\"article\" \/>\n<meta property=\"og:title\" content=\"Die R\u00fcckkehr des Panthers in Houffalize - Land Of Memory\" \/>\n<meta property=\"og:description\" content=\"Der Panther-Panzer ist wieder in Houffalize. Entdecken Sie ein St\u00fcck Geschichte der Ardennenschlacht!\" \/>\n<meta property=\"og:url\" content=\"https:\/\/www.landofmemory.eu\/de\/die-rueckkehr-des-panthers-in-houffalize\/\" \/>\n<meta property=\"og:site_name\" content=\"Land Of Memory\" \/>\n<meta property=\"article:publisher\" content=\"https:\/\/www.facebook.com\/landofmemory.eu\" \/>\n<meta property=\"article:published_time\" content=\"2022-10-26T08:04:13+00:00\" \/>\n<meta property=\"article:modified_time\" content=\"2022-10-26T08:04:14+00:00\" \/>\n<meta property=\"og:image\" content=\"https:\/\/www.landofmemory.eu\/wp-content\/uploads\/2022\/10\/Naralecharhouffalizedanslourthejusque1948.jpg\" \/>\n<meta name=\"author\" content=\"Lauriane\" \/>\n<meta name=\"twitter:card\" content=\"summary_large_image\" \/>\n<meta name=\"twitter:label1\" content=\"Verfasst von\" \/>\n\t<meta name=\"twitter:data1\" content=\"Lauriane\" \/>\n\t<meta name=\"twitter:label2\" content=\"Gesch\u00e4tzte Lesezeit\" \/>\n\t<meta name=\"twitter:data2\" content=\"1\u00a0Minute\" \/>\n<script type=\"application\/ld+json\" class=\"yoast-schema-graph\">{\"@context\":\"https:\/\/schema.org\",\"@graph\":[{\"@type\":\"Article\",\"@id\":\"https:\/\/www.landofmemory.eu\/de\/die-rueckkehr-des-panthers-in-houffalize\/#article\",\"isPartOf\":{\"@id\":\"https:\/\/www.landofmemory.eu\/de\/die-rueckkehr-des-panthers-in-houffalize\/\"},\"author\":{\"name\":\"Lauriane\",\"@id\":\"https:\/\/www.landofmemory.eu\/#\/schema\/person\/c177f7897a49a0dc9fa13355112dadf3\"},\"headline\":\"Die R\u00fcckkehr des Panthers in Houffalize\",\"datePublished\":\"2022-10-26T08:04:13+00:00\",\"dateModified\":\"2022-10-26T08:04:14+00:00\",\"mainEntityOfPage\":{\"@id\":\"https:\/\/www.landofmemory.eu\/de\/die-rueckkehr-des-panthers-in-houffalize\/\"},\"wordCount\":291,\"commentCount\":0,\"publisher\":{\"@id\":\"https:\/\/www.landofmemory.eu\/#organization\"},\"image\":{\"@id\":\"https:\/\/www.landofmemory.eu\/de\/die-rueckkehr-des-panthers-in-houffalize\/#primaryimage\"},\"thumbnailUrl\":\"https:\/\/www.landofmemory.eu\/wp-content\/uploads\/2022\/10\/Naralecharhouffalizedanslourthejusque1948.jpg\",\"articleSection\":[\"Nachrichten\"],\"inLanguage\":\"de\",\"potentialAction\":[{\"@type\":\"CommentAction\",\"name\":\"Comment\",\"target\":[\"https:\/\/www.landofmemory.eu\/de\/die-rueckkehr-des-panthers-in-houffalize\/#respond\"]}]},{\"@type\":\"WebPage\",\"@id\":\"https:\/\/www.landofmemory.eu\/de\/die-rueckkehr-des-panthers-in-houffalize\/\",\"url\":\"https:\/\/www.landofmemory.eu\/de\/die-rueckkehr-des-panthers-in-houffalize\/\",\"name\":\"Die R\u00fcckkehr des Panthers in Houffalize - Land Of Memory\",\"isPartOf\":{\"@id\":\"https:\/\/www.landofmemory.eu\/#website\"},\"primaryImageOfPage\":{\"@id\":\"https:\/\/www.landofmemory.eu\/de\/die-rueckkehr-des-panthers-in-houffalize\/#primaryimage\"},\"image\":{\"@id\":\"https:\/\/www.landofmemory.eu\/de\/die-rueckkehr-des-panthers-in-houffalize\/#primaryimage\"},\"thumbnailUrl\":\"https:\/\/www.landofmemory.eu\/wp-content\/uploads\/2022\/10\/Naralecharhouffalizedanslourthejusque1948.jpg\",\"datePublished\":\"2022-10-26T08:04:13+00:00\",\"dateModified\":\"2022-10-26T08:04:14+00:00\",\"description\":\"Der Panther-Panzer ist wieder in Houffalize. Entdecken Sie ein St\u00fcck Geschichte der Ardennenschlacht!\",\"breadcrumb\":{\"@id\":\"https:\/\/www.landofmemory.eu\/de\/die-rueckkehr-des-panthers-in-houffalize\/#breadcrumb\"},\"inLanguage\":\"de\",\"potentialAction\":[{\"@type\":\"ReadAction\",\"target\":[\"https:\/\/www.landofmemory.eu\/de\/die-rueckkehr-des-panthers-in-houffalize\/\"]}]},{\"@type\":\"ImageObject\",\"inLanguage\":\"de\",\"@id\":\"https:\/\/www.landofmemory.eu\/de\/die-rueckkehr-des-panthers-in-houffalize\/#primaryimage\",\"url\":\"https:\/\/www.landofmemory.eu\/wp-content\/uploads\/2022\/10\/Naralecharhouffalizedanslourthejusque1948.jpg\",\"contentUrl\":\"https:\/\/www.landofmemory.eu\/wp-content\/uploads\/2022\/10\/Naralecharhouffalizedanslourthejusque1948.jpg\"},{\"@type\":\"BreadcrumbList\",\"@id\":\"https:\/\/www.landofmemory.eu\/de\/die-rueckkehr-des-panthers-in-houffalize\/#breadcrumb\",\"itemListElement\":[{\"@type\":\"ListItem\",\"position\":1,\"name\":\"Accueil\",\"item\":\"https:\/\/www.landofmemory.eu\/\"},{\"@type\":\"ListItem\",\"position\":2,\"name\":\"Die R\u00fcckkehr des Panthers in Houffalize\"}]},{\"@type\":\"WebSite\",\"@id\":\"https:\/\/www.landofmemory.eu\/#website\",\"url\":\"https:\/\/www.landofmemory.eu\/\",\"name\":\"Land Of Memory\",\"description\":\"L&#039;histoire commence ici\",\"publisher\":{\"@id\":\"https:\/\/www.landofmemory.eu\/#organization\"},\"potentialAction\":[{\"@type\":\"SearchAction\",\"target\":{\"@type\":\"EntryPoint\",\"urlTemplate\":\"https:\/\/www.landofmemory.eu\/?s={search_term_string}\"},\"query-input\":{\"@type\":\"PropertyValueSpecification\",\"valueRequired\":true,\"valueName\":\"search_term_string\"}}],\"inLanguage\":\"de\"},{\"@type\":\"Organization\",\"@id\":\"https:\/\/www.landofmemory.eu\/#organization\",\"name\":\"Land Of Memory\",\"url\":\"https:\/\/www.landofmemory.eu\/\",\"logo\":{\"@type\":\"ImageObject\",\"inLanguage\":\"de\",\"@id\":\"https:\/\/www.landofmemory.eu\/#\/schema\/logo\/image\/\",\"url\":\"https:\/\/www.landofmemory.eu\/wp-content\/uploads\/2022\/10\/logo-land-of-memory.jpg\",\"contentUrl\":\"https:\/\/www.landofmemory.eu\/wp-content\/uploads\/2022\/10\/logo-land-of-memory.jpg\",\"width\":1000,\"height\":500,\"caption\":\"Land Of Memory\"},\"image\":{\"@id\":\"https:\/\/www.landofmemory.eu\/#\/schema\/logo\/image\/\"},\"sameAs\":[\"https:\/\/www.facebook.com\/landofmemory.eu\",\"https:\/\/www.instagram.com\/landofmemory_eu\/\"]},{\"@type\":\"Person\",\"@id\":\"https:\/\/www.landofmemory.eu\/#\/schema\/person\/c177f7897a49a0dc9fa13355112dadf3\",\"name\":\"Lauriane\",\"image\":{\"@type\":\"ImageObject\",\"inLanguage\":\"de\",\"@id\":\"https:\/\/www.landofmemory.eu\/#\/schema\/person\/image\/\",\"url\":\"https:\/\/secure.gravatar.com\/avatar\/305d9a50a929e27a204ff61012ca3e6fc6116ef54f49af9cd04073fc57c03251?s=96&d=mm&r=g\",\"contentUrl\":\"https:\/\/secure.gravatar.com\/avatar\/305d9a50a929e27a204ff61012ca3e6fc6116ef54f49af9cd04073fc57c03251?s=96&d=mm&r=g\",\"caption\":\"Lauriane\"},\"url\":\"https:\/\/www.landofmemory.eu\/de\/author\/maroua\/\"}]}<\/script>\n<!-- \/ Yoast SEO plugin. -->","yoast_head_json":{"title":"Die R\u00fcckkehr des Panthers in Houffalize - Land Of Memory","description":"Der Panther-Panzer ist wieder in Houffalize. Entdecken Sie ein St\u00fcck Geschichte der Ardennenschlacht!","robots":{"index":"index","follow":"follow","max-snippet":"max-snippet:-1","max-image-preview":"max-image-preview:large","max-video-preview":"max-video-preview:-1"},"canonical":"https:\/\/www.landofmemory.eu\/de\/die-rueckkehr-des-panthers-in-houffalize\/","og_locale":"de_DE","og_type":"article","og_title":"Die R\u00fcckkehr des Panthers in Houffalize - Land Of Memory","og_description":"Der Panther-Panzer ist wieder in Houffalize. Entdecken Sie ein St\u00fcck Geschichte der Ardennenschlacht!","og_url":"https:\/\/www.landofmemory.eu\/de\/die-rueckkehr-des-panthers-in-houffalize\/","og_site_name":"Land Of Memory","article_publisher":"https:\/\/www.facebook.com\/landofmemory.eu","article_published_time":"2022-10-26T08:04:13+00:00","article_modified_time":"2022-10-26T08:04:14+00:00","og_image":[{"url":"https:\/\/www.landofmemory.eu\/wp-content\/uploads\/2022\/10\/Naralecharhouffalizedanslourthejusque1948.jpg","type":"","width":"","height":""}],"author":"Lauriane","twitter_card":"summary_large_image","twitter_misc":{"Verfasst von":"Lauriane","Gesch\u00e4tzte Lesezeit":"1\u00a0Minute"},"schema":{"@context":"https:\/\/schema.org","@graph":[{"@type":"Article","@id":"https:\/\/www.landofmemory.eu\/de\/die-rueckkehr-des-panthers-in-houffalize\/#article","isPartOf":{"@id":"https:\/\/www.landofmemory.eu\/de\/die-rueckkehr-des-panthers-in-houffalize\/"},"author":{"name":"Lauriane","@id":"https:\/\/www.landofmemory.eu\/#\/schema\/person\/c177f7897a49a0dc9fa13355112dadf3"},"headline":"Die R\u00fcckkehr des Panthers in Houffalize","datePublished":"2022-10-26T08:04:13+00:00","dateModified":"2022-10-26T08:04:14+00:00","mainEntityOfPage":{"@id":"https:\/\/www.landofmemory.eu\/de\/die-rueckkehr-des-panthers-in-houffalize\/"},"wordCount":291,"commentCount":0,"publisher":{"@id":"https:\/\/www.landofmemory.eu\/#organization"},"image":{"@id":"https:\/\/www.landofmemory.eu\/de\/die-rueckkehr-des-panthers-in-houffalize\/#primaryimage"},"thumbnailUrl":"https:\/\/www.landofmemory.eu\/wp-content\/uploads\/2022\/10\/Naralecharhouffalizedanslourthejusque1948.jpg","articleSection":["Nachrichten"],"inLanguage":"de","potentialAction":[{"@type":"CommentAction","name":"Comment","target":["https:\/\/www.landofmemory.eu\/de\/die-rueckkehr-des-panthers-in-houffalize\/#respond"]}]},{"@type":"WebPage","@id":"https:\/\/www.landofmemory.eu\/de\/die-rueckkehr-des-panthers-in-houffalize\/","url":"https:\/\/www.landofmemory.eu\/de\/die-rueckkehr-des-panthers-in-houffalize\/","name":"Die R\u00fcckkehr des Panthers in Houffalize - Land Of Memory","isPartOf":{"@id":"https:\/\/www.landofmemory.eu\/#website"},"primaryImageOfPage":{"@id":"https:\/\/www.landofmemory.eu\/de\/die-rueckkehr-des-panthers-in-houffalize\/#primaryimage"},"image":{"@id":"https:\/\/www.landofmemory.eu\/de\/die-rueckkehr-des-panthers-in-houffalize\/#primaryimage"},"thumbnailUrl":"https:\/\/www.landofmemory.eu\/wp-content\/uploads\/2022\/10\/Naralecharhouffalizedanslourthejusque1948.jpg","datePublished":"2022-10-26T08:04:13+00:00","dateModified":"2022-10-26T08:04:14+00:00","description":"Der Panther-Panzer ist wieder in Houffalize. Entdecken Sie ein St\u00fcck Geschichte der Ardennenschlacht!","breadcrumb":{"@id":"https:\/\/www.landofmemory.eu\/de\/die-rueckkehr-des-panthers-in-houffalize\/#breadcrumb"},"inLanguage":"de","potentialAction":[{"@type":"ReadAction","target":["https:\/\/www.landofmemory.eu\/de\/die-rueckkehr-des-panthers-in-houffalize\/"]}]},{"@type":"ImageObject","inLanguage":"de","@id":"https:\/\/www.landofmemory.eu\/de\/die-rueckkehr-des-panthers-in-houffalize\/#primaryimage","url":"https:\/\/www.landofmemory.eu\/wp-content\/uploads\/2022\/10\/Naralecharhouffalizedanslourthejusque1948.jpg","contentUrl":"https:\/\/www.landofmemory.eu\/wp-content\/uploads\/2022\/10\/Naralecharhouffalizedanslourthejusque1948.jpg"},{"@type":"BreadcrumbList","@id":"https:\/\/www.landofmemory.eu\/de\/die-rueckkehr-des-panthers-in-houffalize\/#breadcrumb","itemListElement":[{"@type":"ListItem","position":1,"name":"Accueil","item":"https:\/\/www.landofmemory.eu\/"},{"@type":"ListItem","position":2,"name":"Die R\u00fcckkehr des Panthers in Houffalize"}]},{"@type":"WebSite","@id":"https:\/\/www.landofmemory.eu\/#website","url":"https:\/\/www.landofmemory.eu\/","name":"Land Of Memory","description":"L&#039;histoire commence ici","publisher":{"@id":"https:\/\/www.landofmemory.eu\/#organization"},"potentialAction":[{"@type":"SearchAction","target":{"@type":"EntryPoint","urlTemplate":"https:\/\/www.landofmemory.eu\/?s={search_term_string}"},"query-input":{"@type":"PropertyValueSpecification","valueRequired":true,"valueName":"search_term_string"}}],"inLanguage":"de"},{"@type":"Organization","@id":"https:\/\/www.landofmemory.eu\/#organization","name":"Land Of Memory","url":"https:\/\/www.landofmemory.eu\/","logo":{"@type":"ImageObject","inLanguage":"de","@id":"https:\/\/www.landofmemory.eu\/#\/schema\/logo\/image\/","url":"https:\/\/www.landofmemory.eu\/wp-content\/uploads\/2022\/10\/logo-land-of-memory.jpg","contentUrl":"https:\/\/www.landofmemory.eu\/wp-content\/uploads\/2022\/10\/logo-land-of-memory.jpg","width":1000,"height":500,"caption":"Land Of Memory"},"image":{"@id":"https:\/\/www.landofmemory.eu\/#\/schema\/logo\/image\/"},"sameAs":["https:\/\/www.facebook.com\/landofmemory.eu","https:\/\/www.instagram.com\/landofmemory_eu\/"]},{"@type":"Person","@id":"https:\/\/www.landofmemory.eu\/#\/schema\/person\/c177f7897a49a0dc9fa13355112dadf3","name":"Lauriane","image":{"@type":"ImageObject","inLanguage":"de","@id":"https:\/\/www.landofmemory.eu\/#\/schema\/person\/image\/","url":"https:\/\/secure.gravatar.com\/avatar\/305d9a50a929e27a204ff61012ca3e6fc6116ef54f49af9cd04073fc57c03251?s=96&d=mm&r=g","contentUrl":"https:\/\/secure.gravatar.com\/avatar\/305d9a50a929e27a204ff61012ca3e6fc6116ef54f49af9cd04073fc57c03251?s=96&d=mm&r=g","caption":"Lauriane"},"url":"https:\/\/www.landofmemory.eu\/de\/author\/maroua\/"}]}},"_links":{"self":[{"href":"https:\/\/www.landofmemory.eu\/de\/wp-json\/wp\/v2\/posts\/12191","targetHints":{"allow":["GET"]}}],"collection":[{"href":"https:\/\/www.landofmemory.eu\/de\/wp-json\/wp\/v2\/posts"}],"about":[{"href":"https:\/\/www.landofmemory.eu\/de\/wp-json\/wp\/v2\/types\/post"}],"author":[{"embeddable":true,"href":"https:\/\/www.landofmemory.eu\/de\/wp-json\/wp\/v2\/users\/8"}],"replies":[{"embeddable":true,"href":"https:\/\/www.landofmemory.eu\/de\/wp-json\/wp\/v2\/comments?post=12191"}],"version-history":[{"count":1,"href":"https:\/\/www.landofmemory.eu\/de\/wp-json\/wp\/v2\/posts\/12191\/revisions"}],"predecessor-version":[{"id":12192,"href":"https:\/\/www.landofmemory.eu\/de\/wp-json\/wp\/v2\/posts\/12191\/revisions\/12192"}],"wp:attachment":[{"href":"https:\/\/www.landofmemory.eu\/de\/wp-json\/wp\/v2\/media?parent=12191"}],"wp:term":[{"taxonomy":"category","embeddable":true,"href":"https:\/\/www.landofmemory.eu\/de\/wp-json\/wp\/v2\/categories?post=12191"},{"taxonomy":"post_tag","embeddable":true,"href":"https:\/\/www.landofmemory.eu\/de\/wp-json\/wp\/v2\/tags?post=12191"}],"curies":[{"name":"wp","href":"https:\/\/api.w.org\/{rel}","templated":true}]}}