{"id":7700,"date":"2022-02-15T15:59:31","date_gmt":"2022-02-15T14:59:31","guid":{"rendered":"https:\/\/www.landofmemory.eu\/wanderungen-auf-dem-schlachtfeld-von-verdun-mit-einem-naturfuehrer-des-office-national-des-forets\/"},"modified":"2023-01-09T11:36:34","modified_gmt":"2023-01-09T10:36:34","slug":"wanderungen-auf-dem-schlachtfeld-von-verdun-mit-einem-naturfuehrer-des-office-national-des-forets","status":"publish","type":"post","link":"https:\/\/www.landofmemory.eu\/de\/wanderungen-auf-dem-schlachtfeld-von-verdun-mit-einem-naturfuehrer-des-office-national-des-forets\/","title":{"rendered":"Wanderungen auf dem Schlachtfeld von Verdun mit einem Naturf\u00fchrer des Office National des For\u00eats"},"content":{"rendered":"\n<h2 class=\"wp-block-heading\" id=\"une-experience-unique\"><strong>Eine einzigartige Erfahrung <\/strong>&#13;\n<\/h2>\n\n<p>Die ersten Worte, die uns einfallen, wenn wir Verdun erw\u00e4hnen, sind &#8222;Krieg&#8220;, &#8222;Soldaten&#8220; und &#8222;Sch\u00fctzengr\u00e4ben&#8220;. In der Tat war das Gebiet Schauplatz zahlreicher wichtiger Ereignisse, die mit dem Krieg in Verbindung standen. <a href=\"https:\/\/www.landofmemory.eu\/de\/sites-historiques\/stadt-verdun\/\" rel=\"noopener\" target=\"_blank\">Es bietet jedoch auch eine privilegierte Umgebung f\u00fcr Spazierg\u00e4nge<\/a>. Dank seiner gr\u00fcnen Umgebung verf\u00fcgt das Gebiet \u00fcber wundersch\u00f6ne Landschaften. Dank eines spezialisierten Forsttechnikers aus der Region k\u00f6nnen wir mit Staunen Orte entdecken, die der breiten \u00d6ffentlichkeit unbekannt und manchmal unzug\u00e4nglich sind. Diese Wanderung bietet Ihnen dank der ONF-F\u00fchrer ein einzigartiges Erlebnis in v\u00f6lliger Sicherheit.&#13;\n<\/p>\n\n<h2 class=\"wp-block-heading\" id=\"un-itineraire-passionnant\"><strong>Eine spannende Route <\/strong>&#13;\n<\/h2>\n\n<p>Die Route f\u00fchrt \u00fcber Seitenwege, auf denen wir die <a href=\"https:\/\/www.landofmemory.eu\/de\/historische-staetten\/\" rel=\"noopener\" target=\"_blank\">Geheimnisse des Schlachtfelds entdecken k\u00f6nnen<\/a>. Das Fort Souville, die St\u00e4tte Bois des Caures&#8230; und viele andere \u00dcberraschungen warten darauf, von Ihnen entdeckt zu werden. Die Wanderung erstreckt sich \u00fcber eine Entfernung von 3 km und dauert etwa 3 Stunden. Ein angenehmes Tempo, bei dem man die Landschaft in vollen Z\u00fcgen genie\u00dfen und gleichzeitig den Anekdoten des F\u00fchrers lauschen kann. Diese Aktivit\u00e4t eignet sich hervorragend f\u00fcr Familien oder Freunde und ist nicht nur f\u00fcr Sportler geeignet. &#13;\n&#13;\n&#13;\n<\/p>\n\n<p>Die Wanderungen finden das ganze Jahr \u00fcber statt, aber alle Termine und Buchungsinformationen finden Sie auf der <a href=\"https:\/\/de.tourisme-verdun.com\" rel=\"noopener\" target=\"_blank\">Webseite der Touristeninformation von Verdun<\/a>.&#13;\n<\/p>\n","protected":false},"excerpt":{"rendered":"<p>Eine einzigartige Erfahrung &#13; Die ersten Worte, die uns einfallen, wenn wir Verdun erw\u00e4hnen, sind &#8222;Krieg&#8220;, &#8222;Soldaten&#8220; und &#8222;Sch\u00fctzengr\u00e4ben&#8220;. In der Tat war das Gebiet Schauplatz zahlreicher wichtiger Ereignisse, die mit dem Krieg in Verbindung standen. Es bietet jedoch auch eine privilegierte Umgebung f\u00fcr Spazierg\u00e4nge. Dank seiner gr\u00fcnen Umgebung verf\u00fcgt das Gebiet \u00fcber wundersch\u00f6ne Landschaften. [&hellip;]<\/p>\n","protected":false},"author":9,"featured_media":0,"comment_status":"closed","ping_status":"open","sticky":false,"template":"","format":"standard","meta":{"_acf_changed":false,"footnotes":""},"categories":[114],"tags":[],"class_list":["post-7700","post","type-post","status-publish","format-standard","hentry","category-nachrichten"],"acf":[],"yoast_head":"<!-- This site is optimized with the Yoast SEO plugin v26.0 - https:\/\/yoast.com\/wordpress\/plugins\/seo\/ -->\n<title>Wanderungen auf dem Schlachtfeld von Verdun<\/title>\n<meta name=\"description\" content=\"Entdecken Sie Verdun, wie Sie es noch nie zuvor gesehen haben. Die Stadt bietet Wanderungen \u00fcber das Schlachtfeld von Verdun an.\" \/>\n<meta name=\"robots\" content=\"index, follow, max-snippet:-1, max-image-preview:large, max-video-preview:-1\" \/>\n<link rel=\"canonical\" href=\"https:\/\/www.landofmemory.eu\/de\/wanderungen-auf-dem-schlachtfeld-von-verdun-mit-einem-naturfuehrer-des-office-national-des-forets\/\" \/>\n<meta property=\"og:locale\" content=\"de_DE\" \/>\n<meta property=\"og:type\" content=\"article\" \/>\n<meta property=\"og:title\" content=\"Wanderungen auf dem Schlachtfeld von Verdun\" \/>\n<meta property=\"og:description\" content=\"Entdecken Sie Verdun, wie Sie es noch nie zuvor gesehen haben. Die Stadt bietet Wanderungen \u00fcber das Schlachtfeld von Verdun an.\" \/>\n<meta property=\"og:url\" content=\"https:\/\/www.landofmemory.eu\/de\/wanderungen-auf-dem-schlachtfeld-von-verdun-mit-einem-naturfuehrer-des-office-national-des-forets\/\" \/>\n<meta property=\"og:site_name\" content=\"Land Of Memory\" \/>\n<meta property=\"article:publisher\" content=\"https:\/\/www.facebook.com\/landofmemory.eu\" \/>\n<meta property=\"article:published_time\" content=\"2022-02-15T14:59:31+00:00\" \/>\n<meta property=\"article:modified_time\" content=\"2023-01-09T10:36:34+00:00\" \/>\n<meta name=\"author\" content=\"Juliette\" \/>\n<meta name=\"twitter:card\" content=\"summary_large_image\" \/>\n<meta name=\"twitter:label1\" content=\"Verfasst von\" \/>\n\t<meta name=\"twitter:data1\" content=\"Juliette\" \/>\n\t<meta name=\"twitter:label2\" content=\"Gesch\u00e4tzte Lesezeit\" \/>\n\t<meta name=\"twitter:data2\" content=\"1\u00a0Minute\" \/>\n<script type=\"application\/ld+json\" class=\"yoast-schema-graph\">{\"@context\":\"https:\/\/schema.org\",\"@graph\":[{\"@type\":\"Article\",\"@id\":\"https:\/\/www.landofmemory.eu\/de\/wanderungen-auf-dem-schlachtfeld-von-verdun-mit-einem-naturfuehrer-des-office-national-des-forets\/#article\",\"isPartOf\":{\"@id\":\"https:\/\/www.landofmemory.eu\/de\/wanderungen-auf-dem-schlachtfeld-von-verdun-mit-einem-naturfuehrer-des-office-national-des-forets\/\"},\"author\":{\"name\":\"Juliette\",\"@id\":\"https:\/\/www.landofmemory.eu\/#\/schema\/person\/9a8a0b598955aac8897179147ab9d7f2\"},\"headline\":\"Wanderungen auf dem Schlachtfeld von Verdun mit einem Naturf\u00fchrer des Office National des For\u00eats\",\"datePublished\":\"2022-02-15T14:59:31+00:00\",\"dateModified\":\"2023-01-09T10:36:34+00:00\",\"mainEntityOfPage\":{\"@id\":\"https:\/\/www.landofmemory.eu\/de\/wanderungen-auf-dem-schlachtfeld-von-verdun-mit-einem-naturfuehrer-des-office-national-des-forets\/\"},\"wordCount\":233,\"publisher\":{\"@id\":\"https:\/\/www.landofmemory.eu\/#organization\"},\"articleSection\":[\"Nachrichten\"],\"inLanguage\":\"de\"},{\"@type\":\"WebPage\",\"@id\":\"https:\/\/www.landofmemory.eu\/de\/wanderungen-auf-dem-schlachtfeld-von-verdun-mit-einem-naturfuehrer-des-office-national-des-forets\/\",\"url\":\"https:\/\/www.landofmemory.eu\/de\/wanderungen-auf-dem-schlachtfeld-von-verdun-mit-einem-naturfuehrer-des-office-national-des-forets\/\",\"name\":\"Wanderungen auf dem Schlachtfeld von Verdun\",\"isPartOf\":{\"@id\":\"https:\/\/www.landofmemory.eu\/#website\"},\"datePublished\":\"2022-02-15T14:59:31+00:00\",\"dateModified\":\"2023-01-09T10:36:34+00:00\",\"description\":\"Entdecken Sie Verdun, wie Sie es noch nie zuvor gesehen haben. Die Stadt bietet Wanderungen \u00fcber das Schlachtfeld von Verdun an.\",\"breadcrumb\":{\"@id\":\"https:\/\/www.landofmemory.eu\/de\/wanderungen-auf-dem-schlachtfeld-von-verdun-mit-einem-naturfuehrer-des-office-national-des-forets\/#breadcrumb\"},\"inLanguage\":\"de\",\"potentialAction\":[{\"@type\":\"ReadAction\",\"target\":[\"https:\/\/www.landofmemory.eu\/de\/wanderungen-auf-dem-schlachtfeld-von-verdun-mit-einem-naturfuehrer-des-office-national-des-forets\/\"]}]},{\"@type\":\"BreadcrumbList\",\"@id\":\"https:\/\/www.landofmemory.eu\/de\/wanderungen-auf-dem-schlachtfeld-von-verdun-mit-einem-naturfuehrer-des-office-national-des-forets\/#breadcrumb\",\"itemListElement\":[{\"@type\":\"ListItem\",\"position\":1,\"name\":\"Accueil\",\"item\":\"https:\/\/www.landofmemory.eu\/\"},{\"@type\":\"ListItem\",\"position\":2,\"name\":\"Wanderungen auf dem Schlachtfeld von Verdun mit einem Naturf\u00fchrer des Office National des For\u00eats\"}]},{\"@type\":\"WebSite\",\"@id\":\"https:\/\/www.landofmemory.eu\/#website\",\"url\":\"https:\/\/www.landofmemory.eu\/\",\"name\":\"Land Of Memory\",\"description\":\"L&#039;histoire commence ici\",\"publisher\":{\"@id\":\"https:\/\/www.landofmemory.eu\/#organization\"},\"potentialAction\":[{\"@type\":\"SearchAction\",\"target\":{\"@type\":\"EntryPoint\",\"urlTemplate\":\"https:\/\/www.landofmemory.eu\/?s={search_term_string}\"},\"query-input\":{\"@type\":\"PropertyValueSpecification\",\"valueRequired\":true,\"valueName\":\"search_term_string\"}}],\"inLanguage\":\"de\"},{\"@type\":\"Organization\",\"@id\":\"https:\/\/www.landofmemory.eu\/#organization\",\"name\":\"Land Of Memory\",\"url\":\"https:\/\/www.landofmemory.eu\/\",\"logo\":{\"@type\":\"ImageObject\",\"inLanguage\":\"de\",\"@id\":\"https:\/\/www.landofmemory.eu\/#\/schema\/logo\/image\/\",\"url\":\"https:\/\/www.landofmemory.eu\/wp-content\/uploads\/2022\/10\/logo-land-of-memory.jpg\",\"contentUrl\":\"https:\/\/www.landofmemory.eu\/wp-content\/uploads\/2022\/10\/logo-land-of-memory.jpg\",\"width\":1000,\"height\":500,\"caption\":\"Land Of Memory\"},\"image\":{\"@id\":\"https:\/\/www.landofmemory.eu\/#\/schema\/logo\/image\/\"},\"sameAs\":[\"https:\/\/www.facebook.com\/landofmemory.eu\",\"https:\/\/www.instagram.com\/landofmemory_eu\/\"]},{\"@type\":\"Person\",\"@id\":\"https:\/\/www.landofmemory.eu\/#\/schema\/person\/9a8a0b598955aac8897179147ab9d7f2\",\"name\":\"Juliette\",\"image\":{\"@type\":\"ImageObject\",\"inLanguage\":\"de\",\"@id\":\"https:\/\/www.landofmemory.eu\/#\/schema\/person\/image\/\",\"url\":\"https:\/\/secure.gravatar.com\/avatar\/99a548325897cab63f036e8d91d51f622817036fcaa4f82434650022285b8322?s=96&d=mm&r=g\",\"contentUrl\":\"https:\/\/secure.gravatar.com\/avatar\/99a548325897cab63f036e8d91d51f622817036fcaa4f82434650022285b8322?s=96&d=mm&r=g\",\"caption\":\"Juliette\"},\"url\":\"https:\/\/www.landofmemory.eu\/de\/author\/mailysheaderpop-be\/\"}]}<\/script>\n<!-- \/ Yoast SEO plugin. -->","yoast_head_json":{"title":"Wanderungen auf dem Schlachtfeld von Verdun","description":"Entdecken Sie Verdun, wie Sie es noch nie zuvor gesehen haben. Die Stadt bietet Wanderungen \u00fcber das Schlachtfeld von Verdun an.","robots":{"index":"index","follow":"follow","max-snippet":"max-snippet:-1","max-image-preview":"max-image-preview:large","max-video-preview":"max-video-preview:-1"},"canonical":"https:\/\/www.landofmemory.eu\/de\/wanderungen-auf-dem-schlachtfeld-von-verdun-mit-einem-naturfuehrer-des-office-national-des-forets\/","og_locale":"de_DE","og_type":"article","og_title":"Wanderungen auf dem Schlachtfeld von Verdun","og_description":"Entdecken Sie Verdun, wie Sie es noch nie zuvor gesehen haben. Die Stadt bietet Wanderungen \u00fcber das Schlachtfeld von Verdun an.","og_url":"https:\/\/www.landofmemory.eu\/de\/wanderungen-auf-dem-schlachtfeld-von-verdun-mit-einem-naturfuehrer-des-office-national-des-forets\/","og_site_name":"Land Of Memory","article_publisher":"https:\/\/www.facebook.com\/landofmemory.eu","article_published_time":"2022-02-15T14:59:31+00:00","article_modified_time":"2023-01-09T10:36:34+00:00","author":"Juliette","twitter_card":"summary_large_image","twitter_misc":{"Verfasst von":"Juliette","Gesch\u00e4tzte Lesezeit":"1\u00a0Minute"},"schema":{"@context":"https:\/\/schema.org","@graph":[{"@type":"Article","@id":"https:\/\/www.landofmemory.eu\/de\/wanderungen-auf-dem-schlachtfeld-von-verdun-mit-einem-naturfuehrer-des-office-national-des-forets\/#article","isPartOf":{"@id":"https:\/\/www.landofmemory.eu\/de\/wanderungen-auf-dem-schlachtfeld-von-verdun-mit-einem-naturfuehrer-des-office-national-des-forets\/"},"author":{"name":"Juliette","@id":"https:\/\/www.landofmemory.eu\/#\/schema\/person\/9a8a0b598955aac8897179147ab9d7f2"},"headline":"Wanderungen auf dem Schlachtfeld von Verdun mit einem Naturf\u00fchrer des Office National des For\u00eats","datePublished":"2022-02-15T14:59:31+00:00","dateModified":"2023-01-09T10:36:34+00:00","mainEntityOfPage":{"@id":"https:\/\/www.landofmemory.eu\/de\/wanderungen-auf-dem-schlachtfeld-von-verdun-mit-einem-naturfuehrer-des-office-national-des-forets\/"},"wordCount":233,"publisher":{"@id":"https:\/\/www.landofmemory.eu\/#organization"},"articleSection":["Nachrichten"],"inLanguage":"de"},{"@type":"WebPage","@id":"https:\/\/www.landofmemory.eu\/de\/wanderungen-auf-dem-schlachtfeld-von-verdun-mit-einem-naturfuehrer-des-office-national-des-forets\/","url":"https:\/\/www.landofmemory.eu\/de\/wanderungen-auf-dem-schlachtfeld-von-verdun-mit-einem-naturfuehrer-des-office-national-des-forets\/","name":"Wanderungen auf dem Schlachtfeld von Verdun","isPartOf":{"@id":"https:\/\/www.landofmemory.eu\/#website"},"datePublished":"2022-02-15T14:59:31+00:00","dateModified":"2023-01-09T10:36:34+00:00","description":"Entdecken Sie Verdun, wie Sie es noch nie zuvor gesehen haben. Die Stadt bietet Wanderungen \u00fcber das Schlachtfeld von Verdun an.","breadcrumb":{"@id":"https:\/\/www.landofmemory.eu\/de\/wanderungen-auf-dem-schlachtfeld-von-verdun-mit-einem-naturfuehrer-des-office-national-des-forets\/#breadcrumb"},"inLanguage":"de","potentialAction":[{"@type":"ReadAction","target":["https:\/\/www.landofmemory.eu\/de\/wanderungen-auf-dem-schlachtfeld-von-verdun-mit-einem-naturfuehrer-des-office-national-des-forets\/"]}]},{"@type":"BreadcrumbList","@id":"https:\/\/www.landofmemory.eu\/de\/wanderungen-auf-dem-schlachtfeld-von-verdun-mit-einem-naturfuehrer-des-office-national-des-forets\/#breadcrumb","itemListElement":[{"@type":"ListItem","position":1,"name":"Accueil","item":"https:\/\/www.landofmemory.eu\/"},{"@type":"ListItem","position":2,"name":"Wanderungen auf dem Schlachtfeld von Verdun mit einem Naturf\u00fchrer des Office National des For\u00eats"}]},{"@type":"WebSite","@id":"https:\/\/www.landofmemory.eu\/#website","url":"https:\/\/www.landofmemory.eu\/","name":"Land Of Memory","description":"L&#039;histoire commence ici","publisher":{"@id":"https:\/\/www.landofmemory.eu\/#organization"},"potentialAction":[{"@type":"SearchAction","target":{"@type":"EntryPoint","urlTemplate":"https:\/\/www.landofmemory.eu\/?s={search_term_string}"},"query-input":{"@type":"PropertyValueSpecification","valueRequired":true,"valueName":"search_term_string"}}],"inLanguage":"de"},{"@type":"Organization","@id":"https:\/\/www.landofmemory.eu\/#organization","name":"Land Of Memory","url":"https:\/\/www.landofmemory.eu\/","logo":{"@type":"ImageObject","inLanguage":"de","@id":"https:\/\/www.landofmemory.eu\/#\/schema\/logo\/image\/","url":"https:\/\/www.landofmemory.eu\/wp-content\/uploads\/2022\/10\/logo-land-of-memory.jpg","contentUrl":"https:\/\/www.landofmemory.eu\/wp-content\/uploads\/2022\/10\/logo-land-of-memory.jpg","width":1000,"height":500,"caption":"Land Of Memory"},"image":{"@id":"https:\/\/www.landofmemory.eu\/#\/schema\/logo\/image\/"},"sameAs":["https:\/\/www.facebook.com\/landofmemory.eu","https:\/\/www.instagram.com\/landofmemory_eu\/"]},{"@type":"Person","@id":"https:\/\/www.landofmemory.eu\/#\/schema\/person\/9a8a0b598955aac8897179147ab9d7f2","name":"Juliette","image":{"@type":"ImageObject","inLanguage":"de","@id":"https:\/\/www.landofmemory.eu\/#\/schema\/person\/image\/","url":"https:\/\/secure.gravatar.com\/avatar\/99a548325897cab63f036e8d91d51f622817036fcaa4f82434650022285b8322?s=96&d=mm&r=g","contentUrl":"https:\/\/secure.gravatar.com\/avatar\/99a548325897cab63f036e8d91d51f622817036fcaa4f82434650022285b8322?s=96&d=mm&r=g","caption":"Juliette"},"url":"https:\/\/www.landofmemory.eu\/de\/author\/mailysheaderpop-be\/"}]}},"_links":{"self":[{"href":"https:\/\/www.landofmemory.eu\/de\/wp-json\/wp\/v2\/posts\/7700","targetHints":{"allow":["GET"]}}],"collection":[{"href":"https:\/\/www.landofmemory.eu\/de\/wp-json\/wp\/v2\/posts"}],"about":[{"href":"https:\/\/www.landofmemory.eu\/de\/wp-json\/wp\/v2\/types\/post"}],"author":[{"embeddable":true,"href":"https:\/\/www.landofmemory.eu\/de\/wp-json\/wp\/v2\/users\/9"}],"replies":[{"embeddable":true,"href":"https:\/\/www.landofmemory.eu\/de\/wp-json\/wp\/v2\/comments?post=7700"}],"version-history":[{"count":2,"href":"https:\/\/www.landofmemory.eu\/de\/wp-json\/wp\/v2\/posts\/7700\/revisions"}],"predecessor-version":[{"id":7951,"href":"https:\/\/www.landofmemory.eu\/de\/wp-json\/wp\/v2\/posts\/7700\/revisions\/7951"}],"wp:attachment":[{"href":"https:\/\/www.landofmemory.eu\/de\/wp-json\/wp\/v2\/media?parent=7700"}],"wp:term":[{"taxonomy":"category","embeddable":true,"href":"https:\/\/www.landofmemory.eu\/de\/wp-json\/wp\/v2\/categories?post=7700"},{"taxonomy":"post_tag","embeddable":true,"href":"https:\/\/www.landofmemory.eu\/de\/wp-json\/wp\/v2\/tags?post=7700"}],"curies":[{"name":"wp","href":"https:\/\/api.w.org\/{rel}","templated":true}]}}