{"id":7711,"date":"2022-02-15T16:31:02","date_gmt":"2022-02-15T15:31:02","guid":{"rendered":"https:\/\/www.landofmemory.eu\/was-koennen-sie-mit-ihren-kindern-in-den-faschingsferien-unternehmen\/"},"modified":"2023-01-09T11:35:47","modified_gmt":"2023-01-09T10:35:47","slug":"was-koennen-sie-mit-ihren-kindern-in-den-faschingsferien-unternehmen","status":"publish","type":"post","link":"https:\/\/www.landofmemory.eu\/de\/was-koennen-sie-mit-ihren-kindern-in-den-faschingsferien-unternehmen\/","title":{"rendered":"Was k\u00f6nnen Sie mit Ihren Kindern in den Faschingsferien unternehmen?"},"content":{"rendered":"\n<p>Land of Memory ist ein Gebiet der Erinnerung, das eine gro\u00dfe Anzahl von historischen St\u00e4tten der beiden gro\u00dfen Weltkriege in vier L\u00e4ndern (Frankreich, Belgien, Luxemburg und Deutschland) aufwertet. In den St\u00e4tten und Museen k\u00f6nnen Sie in die spannenden Geschichten der M\u00e4nner und Frauen, Soldaten und Zivilisten eintauchen, die das 20. Jahrhundert und seine dramatischen Stunden durchlebt haben. Ein lehrreicher und bewegender Besuch f\u00fcr die ganze Familie.<\/p>\n\n<p>Um Ihnen zu helfen, haben wir <strong>5 Orte<\/strong> in Land of Memory ausgew\u00e4hlt, die Sie im Winter mit Ihrer Familie besuchen k\u00f6nnen!&#13;\n<\/p>\n\n<h2 class=\"wp-block-heading\" id=\"1-bastogne-war-museum\">1- Bastogne war museum<\/h2>\n\n<p>Das <a href=\"https:\/\/www.landofmemory.eu\/de\/sites-historiques\/bastogne-war-museum\/\" rel=\"noopener\" target=\"_blank\">Bastogne War Museum<\/a> ist ein unumg\u00e4nglicher Ort in Europa, der dem Zweiten Weltkrieg gewidmet ist. Das Museum bietet Familien verschiedene Erlebnisse, um die Geschichte der Ardennenschlacht in einen neuen Kontext zu stellen. Erstaunliche Szenenvisionen und ergreifende Zeugenaussagen, um den mit der Geschichte verbundenen Weg von vier fiktiven Personen w\u00e4hrend der Besatzungszeit nachzuvollziehen. Die vom Museum angebotenen Outdoor-Aktivit\u00e4ten wie die Entdeckung markanter Orte der Schlacht um Bastogne im Milit\u00e4rjeep oder mit dem Fahrrad gefallen den Kindern sehr gut.&#13;\n<\/p>\n\n<div class=\"wp-block-columns is-layout-flex wp-container-core-columns-is-layout-9d6595d7 wp-block-columns-is-layout-flex\">\n<div class=\"wp-block-column is-layout-flow wp-block-column-is-layout-flow\" style=\"flex-basis:100%\"><\/div>\n<\/div>\n\n<h2 class=\"wp-block-heading\" id=\"2-cite-miroir\">2- Cit\u00e9 Miroir (Spiegelstadt)<\/h2>\n\n<p>Die Cit\u00e9 Miroir ist ein geschichtstr\u00e4chtiger Ausstellungsort, da sie eine echte Gedenkst\u00e4tte ist. Der Ort regt uns dazu an, Fragen zu sozialen Themen zu stellen und sogar einige historische Momente zu entdecken, \u00fcber die wenig gesprochen wird. Die Ausstellungen, die in der Cit\u00e9 Miroir zu sehen sind, regen uns dazu an, uns st\u00e4rker als B\u00fcrger zu engagieren und uns mit der Erinnerung zu besch\u00e4ftigen. Es ist der ideale Ort, um j\u00fcngere Menschen f\u00fcr die Vergangenheit und die Folgen fr\u00fcherer Handlungen zu sensibilisieren.<\/p>\n\n<div class=\"wp-block-columns is-layout-flex wp-container-core-columns-is-layout-9d6595d7 wp-block-columns-is-layout-flex\">\n<div class=\"wp-block-column is-layout-flow wp-block-column-is-layout-flow\" style=\"flex-basis:100%\"><\/div>\n<\/div>\n\n<h2 class=\"wp-block-heading\" id=\"3-musee-romagne-14-18\">3- Museum Romagne 14-18<\/h2>\n\n<p>Das <a href=\"https:\/\/www.landofmemory.eu\/de\/sites-historiques\/das-musee-romagne-14-19\/\" target=\"_blank\" rel=\"noopener\">Museum Romagne 14-18<\/a> ist ein Ort, der zu den Top 50 der &#8222;bestgeh\u00fcteten Geheimnisse&#8220; Europas z\u00e4hlt. Es ist bem\u00fcht, die pers\u00f6nlichen Geschichten, die sich hinter jedem gesammelten Kriegsgegenstand verbergen, zu offenbaren. Es ist vor allem ein origineller Ort, der sich an alle richtet, an Gro\u00df und Klein. Es werden mehrere Aktivit\u00e4ten f\u00fcr die ganze Familie angeboten.<\/p>\n\n<h2 class=\"wp-block-heading\" id=\"4-citadelle-souterraine-de-verdun\">4- Unterirdische Zitadelle von Verdun<\/h2>\n\n<p>Die unterirdische <a href=\"https:\/\/www.landofmemory.eu\/de\/sites-historiques\/unterirdische-zitadelle\/\" target=\"_blank\" rel=\"noopener\">Zitadelle von Verdun<\/a> ist ein emblematischer und symbolischer Ort der Schlacht um Verdun. Ein Besuch wie kein anderer, bei dem man die unterirdischen G\u00e4nge mit einem Augmented-Reality-Helm durchqueren kann. Dieser unglaubliche Ort l\u00e4sst uns in das Leben der Soldaten 16 Meter unter dem Gestein w\u00e4hrend des Krieges eintauchen. Eine v\u00f6llig neue Erfahrung, die Ihre Kinder lieben werden!<\/p>\n\n<h2 class=\"wp-block-heading\" id=\"5-le-musee-national-d-histoire-militaire-de-diekirch\">5- Das Nationalmuseum der Milit\u00e4rgeschichte in Diekirch<\/h2>\n\n<p>Das <a href=\"https:\/\/www.landofmemory.eu\/de\/sites-historiques\/nationales-museum-fuer-militaergeschichte\/\" target=\"_blank\" rel=\"noopener\">Museum in Diekirch im Gro\u00dfherzogtum Luxemburg<\/a> stellt die Ereignisse der ber\u00fchmten Ardennenschlacht (1944-1945) auf objektive und harmonische Weise aus verschiedenen Blickwinkeln dar: aus amerikanischer, deutscher, aber auch aus ziviler Sicht. Die Schaubilder und Gem\u00e4lde auf Leinwand, die durch Lichtspiele die Illusion von Realit\u00e4t und Bewegung vermitteln, sind ein echter Gewinn f\u00fcr das Museum. Sie erm\u00f6glichen es den Besuchern, dieses historische Ereignis besser zu verstehen und die tragischen Schicksale der Soldaten in einer dynamischeren und lebendigeren Art und Weise zu entdecken. Das gef\u00e4llt vor allem jungen Leuten!<\/p>\n","protected":false},"excerpt":{"rendered":"<p>Land of Memory ist ein Gebiet der Erinnerung, das eine gro\u00dfe Anzahl von historischen St\u00e4tten der beiden gro\u00dfen Weltkriege in vier L\u00e4ndern (Frankreich, Belgien, Luxemburg und Deutschland) aufwertet. In den St\u00e4tten und Museen k\u00f6nnen Sie in die spannenden Geschichten der M\u00e4nner und Frauen, Soldaten und Zivilisten eintauchen, die das 20. Jahrhundert und seine dramatischen Stunden [&hellip;]<\/p>\n","protected":false},"author":8,"featured_media":0,"comment_status":"closed","ping_status":"open","sticky":false,"template":"","format":"standard","meta":{"_acf_changed":false,"footnotes":""},"categories":[114],"tags":[],"class_list":["post-7711","post","type-post","status-publish","format-standard","hentry","category-nachrichten"],"acf":[],"yoast_head":"<!-- This site is optimized with the Yoast SEO plugin v26.0 - https:\/\/yoast.com\/wordpress\/plugins\/seo\/ -->\n<title>Was k\u00f6nnen Sie mit Ihren Kindern in den Faschingsferien unternehmen? - Land Of Memory<\/title>\n<meta name=\"description\" content=\"Haben Sie Ideen f\u00fcr Aktivit\u00e4ten in den Ferien? Wir haben 5 Orte auf Land of Memory ausgew\u00e4hlt, die Sie mit Ihren Kindern besuchen k\u00f6nnen.\" \/>\n<meta name=\"robots\" content=\"index, follow, max-snippet:-1, max-image-preview:large, max-video-preview:-1\" \/>\n<link rel=\"canonical\" href=\"https:\/\/www.landofmemory.eu\/de\/was-koennen-sie-mit-ihren-kindern-in-den-faschingsferien-unternehmen\/\" \/>\n<meta property=\"og:locale\" content=\"de_DE\" \/>\n<meta property=\"og:type\" content=\"article\" \/>\n<meta property=\"og:title\" content=\"Was k\u00f6nnen Sie mit Ihren Kindern in den Faschingsferien unternehmen? - Land Of Memory\" \/>\n<meta property=\"og:description\" content=\"Haben Sie Ideen f\u00fcr Aktivit\u00e4ten in den Ferien? Wir haben 5 Orte auf Land of Memory ausgew\u00e4hlt, die Sie mit Ihren Kindern besuchen k\u00f6nnen.\" \/>\n<meta property=\"og:url\" content=\"https:\/\/www.landofmemory.eu\/de\/was-koennen-sie-mit-ihren-kindern-in-den-faschingsferien-unternehmen\/\" \/>\n<meta property=\"og:site_name\" content=\"Land Of Memory\" \/>\n<meta property=\"article:publisher\" content=\"https:\/\/www.facebook.com\/landofmemory.eu\" \/>\n<meta property=\"article:published_time\" content=\"2022-02-15T15:31:02+00:00\" \/>\n<meta property=\"article:modified_time\" content=\"2023-01-09T10:35:47+00:00\" \/>\n<meta name=\"author\" content=\"Lauriane\" \/>\n<meta name=\"twitter:card\" content=\"summary_large_image\" \/>\n<meta name=\"twitter:label1\" content=\"Verfasst von\" \/>\n\t<meta name=\"twitter:data1\" content=\"Lauriane\" \/>\n\t<meta name=\"twitter:label2\" content=\"Gesch\u00e4tzte Lesezeit\" \/>\n\t<meta name=\"twitter:data2\" content=\"3\u00a0Minuten\" \/>\n<script type=\"application\/ld+json\" class=\"yoast-schema-graph\">{\"@context\":\"https:\/\/schema.org\",\"@graph\":[{\"@type\":\"Article\",\"@id\":\"https:\/\/www.landofmemory.eu\/de\/was-koennen-sie-mit-ihren-kindern-in-den-faschingsferien-unternehmen\/#article\",\"isPartOf\":{\"@id\":\"https:\/\/www.landofmemory.eu\/de\/was-koennen-sie-mit-ihren-kindern-in-den-faschingsferien-unternehmen\/\"},\"author\":{\"name\":\"Lauriane\",\"@id\":\"https:\/\/www.landofmemory.eu\/#\/schema\/person\/c177f7897a49a0dc9fa13355112dadf3\"},\"headline\":\"Was k\u00f6nnen Sie mit Ihren Kindern in den Faschingsferien unternehmen?\",\"datePublished\":\"2022-02-15T15:31:02+00:00\",\"dateModified\":\"2023-01-09T10:35:47+00:00\",\"mainEntityOfPage\":{\"@id\":\"https:\/\/www.landofmemory.eu\/de\/was-koennen-sie-mit-ihren-kindern-in-den-faschingsferien-unternehmen\/\"},\"wordCount\":522,\"publisher\":{\"@id\":\"https:\/\/www.landofmemory.eu\/#organization\"},\"articleSection\":[\"Nachrichten\"],\"inLanguage\":\"de\"},{\"@type\":\"WebPage\",\"@id\":\"https:\/\/www.landofmemory.eu\/de\/was-koennen-sie-mit-ihren-kindern-in-den-faschingsferien-unternehmen\/\",\"url\":\"https:\/\/www.landofmemory.eu\/de\/was-koennen-sie-mit-ihren-kindern-in-den-faschingsferien-unternehmen\/\",\"name\":\"Was k\u00f6nnen Sie mit Ihren Kindern in den Faschingsferien unternehmen? - Land Of Memory\",\"isPartOf\":{\"@id\":\"https:\/\/www.landofmemory.eu\/#website\"},\"datePublished\":\"2022-02-15T15:31:02+00:00\",\"dateModified\":\"2023-01-09T10:35:47+00:00\",\"description\":\"Haben Sie Ideen f\u00fcr Aktivit\u00e4ten in den Ferien? Wir haben 5 Orte auf Land of Memory ausgew\u00e4hlt, die Sie mit Ihren Kindern besuchen k\u00f6nnen.\",\"breadcrumb\":{\"@id\":\"https:\/\/www.landofmemory.eu\/de\/was-koennen-sie-mit-ihren-kindern-in-den-faschingsferien-unternehmen\/#breadcrumb\"},\"inLanguage\":\"de\",\"potentialAction\":[{\"@type\":\"ReadAction\",\"target\":[\"https:\/\/www.landofmemory.eu\/de\/was-koennen-sie-mit-ihren-kindern-in-den-faschingsferien-unternehmen\/\"]}]},{\"@type\":\"BreadcrumbList\",\"@id\":\"https:\/\/www.landofmemory.eu\/de\/was-koennen-sie-mit-ihren-kindern-in-den-faschingsferien-unternehmen\/#breadcrumb\",\"itemListElement\":[{\"@type\":\"ListItem\",\"position\":1,\"name\":\"Accueil\",\"item\":\"https:\/\/www.landofmemory.eu\/\"},{\"@type\":\"ListItem\",\"position\":2,\"name\":\"Was k\u00f6nnen Sie mit Ihren Kindern in den Faschingsferien unternehmen?\"}]},{\"@type\":\"WebSite\",\"@id\":\"https:\/\/www.landofmemory.eu\/#website\",\"url\":\"https:\/\/www.landofmemory.eu\/\",\"name\":\"Land Of Memory\",\"description\":\"L&#039;histoire commence ici\",\"publisher\":{\"@id\":\"https:\/\/www.landofmemory.eu\/#organization\"},\"potentialAction\":[{\"@type\":\"SearchAction\",\"target\":{\"@type\":\"EntryPoint\",\"urlTemplate\":\"https:\/\/www.landofmemory.eu\/?s={search_term_string}\"},\"query-input\":{\"@type\":\"PropertyValueSpecification\",\"valueRequired\":true,\"valueName\":\"search_term_string\"}}],\"inLanguage\":\"de\"},{\"@type\":\"Organization\",\"@id\":\"https:\/\/www.landofmemory.eu\/#organization\",\"name\":\"Land Of Memory\",\"url\":\"https:\/\/www.landofmemory.eu\/\",\"logo\":{\"@type\":\"ImageObject\",\"inLanguage\":\"de\",\"@id\":\"https:\/\/www.landofmemory.eu\/#\/schema\/logo\/image\/\",\"url\":\"https:\/\/www.landofmemory.eu\/wp-content\/uploads\/2022\/10\/logo-land-of-memory.jpg\",\"contentUrl\":\"https:\/\/www.landofmemory.eu\/wp-content\/uploads\/2022\/10\/logo-land-of-memory.jpg\",\"width\":1000,\"height\":500,\"caption\":\"Land Of Memory\"},\"image\":{\"@id\":\"https:\/\/www.landofmemory.eu\/#\/schema\/logo\/image\/\"},\"sameAs\":[\"https:\/\/www.facebook.com\/landofmemory.eu\",\"https:\/\/www.instagram.com\/landofmemory_eu\/\"]},{\"@type\":\"Person\",\"@id\":\"https:\/\/www.landofmemory.eu\/#\/schema\/person\/c177f7897a49a0dc9fa13355112dadf3\",\"name\":\"Lauriane\",\"image\":{\"@type\":\"ImageObject\",\"inLanguage\":\"de\",\"@id\":\"https:\/\/www.landofmemory.eu\/#\/schema\/person\/image\/\",\"url\":\"https:\/\/secure.gravatar.com\/avatar\/305d9a50a929e27a204ff61012ca3e6fc6116ef54f49af9cd04073fc57c03251?s=96&d=mm&r=g\",\"contentUrl\":\"https:\/\/secure.gravatar.com\/avatar\/305d9a50a929e27a204ff61012ca3e6fc6116ef54f49af9cd04073fc57c03251?s=96&d=mm&r=g\",\"caption\":\"Lauriane\"},\"url\":\"https:\/\/www.landofmemory.eu\/de\/author\/maroua\/\"}]}<\/script>\n<!-- \/ Yoast SEO plugin. -->","yoast_head_json":{"title":"Was k\u00f6nnen Sie mit Ihren Kindern in den Faschingsferien unternehmen? - Land Of Memory","description":"Haben Sie Ideen f\u00fcr Aktivit\u00e4ten in den Ferien? Wir haben 5 Orte auf Land of Memory ausgew\u00e4hlt, die Sie mit Ihren Kindern besuchen k\u00f6nnen.","robots":{"index":"index","follow":"follow","max-snippet":"max-snippet:-1","max-image-preview":"max-image-preview:large","max-video-preview":"max-video-preview:-1"},"canonical":"https:\/\/www.landofmemory.eu\/de\/was-koennen-sie-mit-ihren-kindern-in-den-faschingsferien-unternehmen\/","og_locale":"de_DE","og_type":"article","og_title":"Was k\u00f6nnen Sie mit Ihren Kindern in den Faschingsferien unternehmen? - Land Of Memory","og_description":"Haben Sie Ideen f\u00fcr Aktivit\u00e4ten in den Ferien? Wir haben 5 Orte auf Land of Memory ausgew\u00e4hlt, die Sie mit Ihren Kindern besuchen k\u00f6nnen.","og_url":"https:\/\/www.landofmemory.eu\/de\/was-koennen-sie-mit-ihren-kindern-in-den-faschingsferien-unternehmen\/","og_site_name":"Land Of Memory","article_publisher":"https:\/\/www.facebook.com\/landofmemory.eu","article_published_time":"2022-02-15T15:31:02+00:00","article_modified_time":"2023-01-09T10:35:47+00:00","author":"Lauriane","twitter_card":"summary_large_image","twitter_misc":{"Verfasst von":"Lauriane","Gesch\u00e4tzte Lesezeit":"3\u00a0Minuten"},"schema":{"@context":"https:\/\/schema.org","@graph":[{"@type":"Article","@id":"https:\/\/www.landofmemory.eu\/de\/was-koennen-sie-mit-ihren-kindern-in-den-faschingsferien-unternehmen\/#article","isPartOf":{"@id":"https:\/\/www.landofmemory.eu\/de\/was-koennen-sie-mit-ihren-kindern-in-den-faschingsferien-unternehmen\/"},"author":{"name":"Lauriane","@id":"https:\/\/www.landofmemory.eu\/#\/schema\/person\/c177f7897a49a0dc9fa13355112dadf3"},"headline":"Was k\u00f6nnen Sie mit Ihren Kindern in den Faschingsferien unternehmen?","datePublished":"2022-02-15T15:31:02+00:00","dateModified":"2023-01-09T10:35:47+00:00","mainEntityOfPage":{"@id":"https:\/\/www.landofmemory.eu\/de\/was-koennen-sie-mit-ihren-kindern-in-den-faschingsferien-unternehmen\/"},"wordCount":522,"publisher":{"@id":"https:\/\/www.landofmemory.eu\/#organization"},"articleSection":["Nachrichten"],"inLanguage":"de"},{"@type":"WebPage","@id":"https:\/\/www.landofmemory.eu\/de\/was-koennen-sie-mit-ihren-kindern-in-den-faschingsferien-unternehmen\/","url":"https:\/\/www.landofmemory.eu\/de\/was-koennen-sie-mit-ihren-kindern-in-den-faschingsferien-unternehmen\/","name":"Was k\u00f6nnen Sie mit Ihren Kindern in den Faschingsferien unternehmen? - Land Of Memory","isPartOf":{"@id":"https:\/\/www.landofmemory.eu\/#website"},"datePublished":"2022-02-15T15:31:02+00:00","dateModified":"2023-01-09T10:35:47+00:00","description":"Haben Sie Ideen f\u00fcr Aktivit\u00e4ten in den Ferien? Wir haben 5 Orte auf Land of Memory ausgew\u00e4hlt, die Sie mit Ihren Kindern besuchen k\u00f6nnen.","breadcrumb":{"@id":"https:\/\/www.landofmemory.eu\/de\/was-koennen-sie-mit-ihren-kindern-in-den-faschingsferien-unternehmen\/#breadcrumb"},"inLanguage":"de","potentialAction":[{"@type":"ReadAction","target":["https:\/\/www.landofmemory.eu\/de\/was-koennen-sie-mit-ihren-kindern-in-den-faschingsferien-unternehmen\/"]}]},{"@type":"BreadcrumbList","@id":"https:\/\/www.landofmemory.eu\/de\/was-koennen-sie-mit-ihren-kindern-in-den-faschingsferien-unternehmen\/#breadcrumb","itemListElement":[{"@type":"ListItem","position":1,"name":"Accueil","item":"https:\/\/www.landofmemory.eu\/"},{"@type":"ListItem","position":2,"name":"Was k\u00f6nnen Sie mit Ihren Kindern in den Faschingsferien unternehmen?"}]},{"@type":"WebSite","@id":"https:\/\/www.landofmemory.eu\/#website","url":"https:\/\/www.landofmemory.eu\/","name":"Land Of Memory","description":"L&#039;histoire commence ici","publisher":{"@id":"https:\/\/www.landofmemory.eu\/#organization"},"potentialAction":[{"@type":"SearchAction","target":{"@type":"EntryPoint","urlTemplate":"https:\/\/www.landofmemory.eu\/?s={search_term_string}"},"query-input":{"@type":"PropertyValueSpecification","valueRequired":true,"valueName":"search_term_string"}}],"inLanguage":"de"},{"@type":"Organization","@id":"https:\/\/www.landofmemory.eu\/#organization","name":"Land Of Memory","url":"https:\/\/www.landofmemory.eu\/","logo":{"@type":"ImageObject","inLanguage":"de","@id":"https:\/\/www.landofmemory.eu\/#\/schema\/logo\/image\/","url":"https:\/\/www.landofmemory.eu\/wp-content\/uploads\/2022\/10\/logo-land-of-memory.jpg","contentUrl":"https:\/\/www.landofmemory.eu\/wp-content\/uploads\/2022\/10\/logo-land-of-memory.jpg","width":1000,"height":500,"caption":"Land Of Memory"},"image":{"@id":"https:\/\/www.landofmemory.eu\/#\/schema\/logo\/image\/"},"sameAs":["https:\/\/www.facebook.com\/landofmemory.eu","https:\/\/www.instagram.com\/landofmemory_eu\/"]},{"@type":"Person","@id":"https:\/\/www.landofmemory.eu\/#\/schema\/person\/c177f7897a49a0dc9fa13355112dadf3","name":"Lauriane","image":{"@type":"ImageObject","inLanguage":"de","@id":"https:\/\/www.landofmemory.eu\/#\/schema\/person\/image\/","url":"https:\/\/secure.gravatar.com\/avatar\/305d9a50a929e27a204ff61012ca3e6fc6116ef54f49af9cd04073fc57c03251?s=96&d=mm&r=g","contentUrl":"https:\/\/secure.gravatar.com\/avatar\/305d9a50a929e27a204ff61012ca3e6fc6116ef54f49af9cd04073fc57c03251?s=96&d=mm&r=g","caption":"Lauriane"},"url":"https:\/\/www.landofmemory.eu\/de\/author\/maroua\/"}]}},"_links":{"self":[{"href":"https:\/\/www.landofmemory.eu\/de\/wp-json\/wp\/v2\/posts\/7711","targetHints":{"allow":["GET"]}}],"collection":[{"href":"https:\/\/www.landofmemory.eu\/de\/wp-json\/wp\/v2\/posts"}],"about":[{"href":"https:\/\/www.landofmemory.eu\/de\/wp-json\/wp\/v2\/types\/post"}],"author":[{"embeddable":true,"href":"https:\/\/www.landofmemory.eu\/de\/wp-json\/wp\/v2\/users\/8"}],"replies":[{"embeddable":true,"href":"https:\/\/www.landofmemory.eu\/de\/wp-json\/wp\/v2\/comments?post=7711"}],"version-history":[{"count":2,"href":"https:\/\/www.landofmemory.eu\/de\/wp-json\/wp\/v2\/posts\/7711\/revisions"}],"predecessor-version":[{"id":10804,"href":"https:\/\/www.landofmemory.eu\/de\/wp-json\/wp\/v2\/posts\/7711\/revisions\/10804"}],"wp:attachment":[{"href":"https:\/\/www.landofmemory.eu\/de\/wp-json\/wp\/v2\/media?parent=7711"}],"wp:term":[{"taxonomy":"category","embeddable":true,"href":"https:\/\/www.landofmemory.eu\/de\/wp-json\/wp\/v2\/categories?post=7711"},{"taxonomy":"post_tag","embeddable":true,"href":"https:\/\/www.landofmemory.eu\/de\/wp-json\/wp\/v2\/tags?post=7711"}],"curies":[{"name":"wp","href":"https:\/\/api.w.org\/{rel}","templated":true}]}}