{"id":8442,"date":"2022-04-12T10:34:19","date_gmt":"2022-04-12T08:34:19","guid":{"rendered":"https:\/\/www.landofmemory.eu\/land-of-memory-im-fruehjahr\/"},"modified":"2022-04-12T10:34:19","modified_gmt":"2022-04-12T08:34:19","slug":"land-of-memory-im-fruehjahr","status":"publish","type":"post","link":"https:\/\/www.landofmemory.eu\/de\/land-of-memory-im-fruehjahr\/","title":{"rendered":"Land of Memory im Fr\u00fchjahr"},"content":{"rendered":"\n<p>Land of Memory ist die ideale L\u00f6sung, um Spa\u00df mit der Entdeckung der Geschichte zu verbinden. Unser Reiseziel erstreckt sich \u00fcber vier L\u00e4nder: Frankreich, Belgien, Luxemburg und Deutschland. Vor Ort erwarten Sie zahlreiche Aktivit\u00e4ten, die Gro\u00df und Klein begeistern werden!<\/p>\n\n<p>F\u00fcr den Fr\u00fchling haben wir Ihnen eine Liste mit 5 Aktivit\u00e4ten zusammengestellt, die Sie mit Ihrer Familie an unseren verschiedenen Standorten unternehmen k\u00f6nnen:<\/p>\n\n<h3 class=\"wp-block-heading\">1- G\u00e4nsehaut im prestigetr\u00e4chtigen <strong>Fort de Huy<\/strong><\/h3>\n\n<p>W\u00e4hrend des Zweiten Weltkriegs wurde <a href=\"https:\/\/www.landofmemory.eu\/de\/sites-historiques\/festung-und-gedenkstaette-von-huy\/\" rel=\"noopener\" target=\"_blank\">das Fort<\/a> von den Deutschen in ein Internierungslager umgewandelt. Von 1940 bis 1944 waren hier fast 7000 Gefangene untergebracht. Das Fort ist ein riesiges historisches Erbe! Hier k\u00f6nnen Sie bewegende Zeugenaussagen finden und die Kerker und den Verh\u00f6rraum erkunden. Au\u00dferdem bietet das Fort einen beeindruckenden Ausblick auf die Stadt Huy und ihre Umgebung. Hier finden regelm\u00e4\u00dfig wechselnde Ausstellungen, Animationen und Auff\u00fchrungen statt. Dar\u00fcber hinaus verf\u00fcgt das Fort auch \u00fcber Picknickpl\u00e4tze im Innen- und Au\u00dfenbereich. Alles, was Sie brauchen, um mit Ihrer Familie eine sch\u00f6ne Zeit zu verbringen und die Geschichte zu entdecken!<\/p>\n\n<div class=\"wp-block-image\"><figure class=\"aligncenter size-large is-resized\"><img loading=\"lazy\" decoding=\"async\" src=\"https:\/\/www.landofmemory.eu\/wp-content\/uploads\/2022\/03\/fort-huy-1024x683.jpeg\" alt=\"\" class=\"wp-image-8243\" width=\"645\" height=\"430\" srcset=\"https:\/\/www.landofmemory.eu\/wp-content\/uploads\/2022\/03\/fort-huy-1024x683.jpeg 1024w, https:\/\/www.landofmemory.eu\/wp-content\/uploads\/2022\/03\/fort-huy-300x200.jpeg 300w, https:\/\/www.landofmemory.eu\/wp-content\/uploads\/2022\/03\/fort-huy-768x512.jpeg 768w, https:\/\/www.landofmemory.eu\/wp-content\/uploads\/2022\/03\/fort-huy-600x400.jpeg 600w, https:\/\/www.landofmemory.eu\/wp-content\/uploads\/2022\/03\/fort-huy.jpeg 1200w\" sizes=\"auto, (max-width: 645px) 100vw, 645px\" \/><\/figure><\/div>\n\n<p>Um das <a href=\"https:\/\/www.huy.be\/loisirs\/musees\/fort\" rel=\"noopener\" target=\"_blank\">Fort de Huy<\/a> auf originelle und spielerische Weise zu entdecken, empfehlen wir Ihnen, das Escape Game &#8222;La grande \u00e9vasion&#8220; (Die grosse Flucht) auszuprobieren. Tauchen Sie ein in das Jahr 1943, in dem Sie als Gefangener in der Stadt Huy im Fort gefangen gehalten werden. Was ist Ihre Aufgabe? Entkommen Sie den Wachen der Wehrmacht in weniger als einer Stunde! Um dies zu erreichen, m\u00fcssen Sie Hinweise finden und alle R\u00e4tsel l\u00f6sen. Diese Aktivit\u00e4t ist ein Einblick in die Vergangenheit, der nicht nur die Kinder, sondern auch die Eltern begeistern wird. Die Aktivit\u00e4t ist ideal, um auf unterhaltsame Weise Geschichte zu lernen. Im Allgemeinen f\u00f6rdert dieses Spiel die Teamarbeit, die kognitive Entwicklung und die Kreativit\u00e4t!<\/p>\n\n<h3 class=\"wp-block-heading\">2- Schnallen Sie sich an!<\/h3>\n\n<p>Das <a href=\"https:\/\/www.landofmemory.eu\/de\/sites-historiques\/bastogne-war-museum\/\" rel=\"noopener\" target=\"_blank\">Bastogne War Museum<\/a> bietet Ihnen eine historische Fahrt in einem <a href=\"https:\/\/www.bastognewarmuseum.be\/de\/discover-outdoors-4\/\" rel=\"noopener\" target=\"_blank\">Dodge-Jeep<\/a>, einem echten Milit\u00e4rfahrzeug aus der Zeit! Dieser Familienausflug dauert 1,5 Stunden. Sie werden zu den wichtigsten Schaupl\u00e4tzen der Schlacht um Bastogne gef\u00fchrt. Sie werden von einem Fahrer begleitet, der alle Ihre Fragen zur Schlacht oder zu diesem au\u00dfergew\u00f6hnlichen Transportmittel beantworten wird. Diese Tour ist ein einzigartiger Moment, den Sie mit Ihrer Familie teilen k\u00f6nnen, um die Geschichte zu entdecken. F\u00fcr die Motiviertesten unter Ihnen kann die Tour zu den Schaupl\u00e4tzen auch mit dem Fahrrad durchgef\u00fchrt werden. <\/p>\n\n<p>Es ist auch die Gelegenheit, dieses Museum voller \u00dcberraschungen zu entdecken! Erstaunliche Ausstellungsst\u00fccke, ergreifende Zeugenaussagen, Multimedia-Installationen, Filme&#8230; Alles ist darauf ausgerichtet, die Geschichte auf originelle und eindringliche Weise zu entdecken.&#13;\n<\/p>\n\n<h3 class=\"wp-block-heading\">3- Ein bisschen Sport<\/h3>\n\n<p>Wir treffen uns am <a href=\"https:\/\/www.tourisme-verdun.com\/sejour\/post\/verdun-bike-tour?template=tpl-cms-orange\" rel=\"noopener\" target=\"_blank\">Kiosk des Denkmals von Verdun<\/a>, um eine au\u00dfergew\u00f6hnliche Fahrradtour zu starten!<\/p>\n\n<div class=\"wp-block-image\"><figure class=\"aligncenter size-large is-resized\"><img loading=\"lazy\" decoding=\"async\" src=\"https:\/\/www.landofmemory.eu\/wp-content\/uploads\/2022\/03\/ve&#x301;lo-1024x683.jpeg\" alt=\"\" class=\"wp-image-8244\" width=\"645\" height=\"430\"\/><\/figure><\/div>\n\n<p>Diese Aktivit\u00e4t verbindet Sport, frische Luft und Geschichte. Schwingen Sie sich auf Ihr Mountainbike und entdecken Sie mit Ihrer Familie das Schlachtfeld. Auf wei\u00dfen Wegen, Granatl\u00f6chern und Pfaden k\u00f6nnen Sie die Zerst\u00f6rung der Verteidigungsanlagen verfolgen. W\u00e4hrend dieses Ausflugs werden Sie von ASPTT-Animateuren begleitet, die Sie auf der gesamten Strecke f\u00fchren. Es werden Geschichtspausen eingelegt, um zu verschnaufen, die Landschaft zu bewundern und die beeindruckenden historischen St\u00e4tten zu entdecken! Bei dieser Radtour k\u00f6nnen die Kinder ihren Tag genie\u00dfen, sich auspowern und gleichzeitig etwas lernen.<\/p>\n\n<h3 class=\"wp-block-heading\">4- Die Ardennenschlacht<\/h3>\n\n<p>Diese wichtige Schlacht besch\u00e4ftigte vor allem den Norden Luxemburgs. Sie fand im Winter 1944-1945 statt. Heute wimmelt es in diesem Gebiet von Gedenkst\u00e4tten zu Ehren der Soldaten und Zivilisten, damit die Geschichte und ihr Mut nicht in Vergessenheit geraten.<\/p>\n\n<p>Vor Ort bieten wir Ihnen eine <a href=\"https:\/\/www.visit-eislek.lu\/de\/tour\/t\/ardennenschlacht-tagestour\" rel=\"noopener\" target=\"_blank\">erlebnisreiche<\/a>, betreute Entdeckungsreise an. Auf einem Tagesausflug erkunden Sie eindrucksvolle und emotionale Orte. Sie haben die M\u00f6glichkeit, das US-Memorial in Hosingen und den Wasserturm zu besuchen und anschlie\u00dfend die Sauer-Flussquerung zu besichtigen. Und noch viele weitere \u00dcberraschungen! Ein abwechslungsreicher Tag f\u00fcr die ganze Familie.<\/p>\n\n<h3 class=\"wp-block-heading\">5- Unterirdische Zitadelle von Verdun<\/h3>\n\n<p>Erleben Sie mit Ihrer Familie ein einzigartiges Erlebnis in den <a href=\"https:\/\/www.landofmemory.eu\/de\/sites-historiques\/unterirdische-zitadelle\/\" rel=\"noopener\" target=\"_blank\">Galerien unter der Zitadelle von Verdun<\/a>. Hier k\u00f6nnen Sie sich so richtig austoben!<\/p>\n\n<div class=\"wp-block-image\"><figure class=\"aligncenter size-full is-resized\"><img loading=\"lazy\" decoding=\"async\" src=\"https:\/\/www.landofmemory.eu\/wp-content\/uploads\/2022\/04\/&#xA9;-Grand-Verdun-Anne-Schwab-Node&#x301;e-IMG_6573-768x512-1.jpeg\" alt=\"\" class=\"wp-image-8298\" width=\"645\" height=\"430\"\/><\/figure><\/div>\n\n<p>Die Geschichte des Ersten Weltkriegs wird in verschiedenen Ausstellungen erforscht. Schon bei Ihrer Ankunft werden Sie durch die transkribierten Briefe der Poilus von Emotionen \u00fcberw\u00e4ltigt werden. Sie setzen Ihre Reise in den unterirdischen Galerien fort. Dank der Augmented-Reality-Brille und der Projektionen tauchen Sie vollst\u00e4ndig in die Welt ein. Letztere erm\u00f6glichen es Ihnen auch, in die Haut eines Soldaten zu schl\u00fcpfen und den Alltag auf der Zitadelle in Kriegszeiten zu erleben. Diese verschiedenen Aktivit\u00e4ten versprechen einzigartige Momente, die der ganzen Familie gefallen werden!<\/p>\n","protected":false},"excerpt":{"rendered":"<p>Land of Memory ist die ideale L\u00f6sung, um Spa\u00df mit der Entdeckung der Geschichte zu verbinden. Unser Reiseziel erstreckt sich \u00fcber vier L\u00e4nder: Frankreich, Belgien, Luxemburg und Deutschland. Vor Ort erwarten Sie zahlreiche Aktivit\u00e4ten, die Gro\u00df und Klein begeistern werden! F\u00fcr den Fr\u00fchling haben wir Ihnen eine Liste mit 5 Aktivit\u00e4ten zusammengestellt, die Sie mit [&hellip;]<\/p>\n","protected":false},"author":4,"featured_media":0,"comment_status":"closed","ping_status":"open","sticky":false,"template":"","format":"standard","meta":{"_acf_changed":false,"footnotes":""},"categories":[114],"tags":[],"class_list":["post-8442","post","type-post","status-publish","format-standard","hentry","category-nachrichten"],"acf":[],"yoast_head":"<!-- This site is optimized with the Yoast SEO plugin v26.0 - https:\/\/yoast.com\/wordpress\/plugins\/seo\/ -->\n<title>Land of Memory im Fr\u00fchjahr - Land Of Memory<\/title>\n<meta name=\"description\" content=\"Land of Memory bietet Ihnen eine Liste mit f\u00fcnf Aktivit\u00e4ten, die Sie mit Ihrer Familie unternehmen k\u00f6nnen. Sport, Geschichte und Spa\u00df sind garantiert!\" \/>\n<meta name=\"robots\" content=\"index, follow, max-snippet:-1, max-image-preview:large, max-video-preview:-1\" \/>\n<link rel=\"canonical\" href=\"https:\/\/www.landofmemory.eu\/de\/land-of-memory-im-fruehjahr\/\" \/>\n<meta property=\"og:locale\" content=\"de_DE\" \/>\n<meta property=\"og:type\" content=\"article\" \/>\n<meta property=\"og:title\" content=\"Land of Memory im Fr\u00fchjahr - Land Of Memory\" \/>\n<meta property=\"og:description\" content=\"Land of Memory bietet Ihnen eine Liste mit f\u00fcnf Aktivit\u00e4ten, die Sie mit Ihrer Familie unternehmen k\u00f6nnen. Sport, Geschichte und Spa\u00df sind garantiert!\" \/>\n<meta property=\"og:url\" content=\"https:\/\/www.landofmemory.eu\/de\/land-of-memory-im-fruehjahr\/\" \/>\n<meta property=\"og:site_name\" content=\"Land Of Memory\" \/>\n<meta property=\"article:publisher\" content=\"https:\/\/www.facebook.com\/landofmemory.eu\" \/>\n<meta property=\"article:published_time\" content=\"2022-04-12T08:34:19+00:00\" \/>\n<meta property=\"og:image\" content=\"https:\/\/www.landofmemory.eu\/wp-content\/uploads\/2022\/03\/fort-huy-1024x683.jpeg\" \/>\n<meta name=\"author\" content=\"Flavie\" \/>\n<meta name=\"twitter:card\" content=\"summary_large_image\" \/>\n<meta name=\"twitter:label1\" content=\"Verfasst von\" \/>\n\t<meta name=\"twitter:data1\" content=\"Flavie\" \/>\n\t<meta name=\"twitter:label2\" content=\"Gesch\u00e4tzte Lesezeit\" \/>\n\t<meta name=\"twitter:data2\" content=\"4\u00a0Minuten\" \/>\n<script type=\"application\/ld+json\" class=\"yoast-schema-graph\">{\"@context\":\"https:\/\/schema.org\",\"@graph\":[{\"@type\":\"Article\",\"@id\":\"https:\/\/www.landofmemory.eu\/de\/land-of-memory-im-fruehjahr\/#article\",\"isPartOf\":{\"@id\":\"https:\/\/www.landofmemory.eu\/de\/land-of-memory-im-fruehjahr\/\"},\"author\":{\"name\":\"Flavie\",\"@id\":\"https:\/\/www.landofmemory.eu\/#\/schema\/person\/3a354fbb160c68816af4cedf9a3298a3\"},\"headline\":\"Land of Memory im Fr\u00fchjahr\",\"datePublished\":\"2022-04-12T08:34:19+00:00\",\"mainEntityOfPage\":{\"@id\":\"https:\/\/www.landofmemory.eu\/de\/land-of-memory-im-fruehjahr\/\"},\"wordCount\":770,\"publisher\":{\"@id\":\"https:\/\/www.landofmemory.eu\/#organization\"},\"image\":{\"@id\":\"https:\/\/www.landofmemory.eu\/de\/land-of-memory-im-fruehjahr\/#primaryimage\"},\"thumbnailUrl\":\"https:\/\/www.landofmemory.eu\/wp-content\/uploads\/2022\/03\/fort-huy-1024x683.jpeg\",\"articleSection\":[\"Nachrichten\"],\"inLanguage\":\"de\"},{\"@type\":\"WebPage\",\"@id\":\"https:\/\/www.landofmemory.eu\/de\/land-of-memory-im-fruehjahr\/\",\"url\":\"https:\/\/www.landofmemory.eu\/de\/land-of-memory-im-fruehjahr\/\",\"name\":\"Land of Memory im Fr\u00fchjahr - Land Of Memory\",\"isPartOf\":{\"@id\":\"https:\/\/www.landofmemory.eu\/#website\"},\"primaryImageOfPage\":{\"@id\":\"https:\/\/www.landofmemory.eu\/de\/land-of-memory-im-fruehjahr\/#primaryimage\"},\"image\":{\"@id\":\"https:\/\/www.landofmemory.eu\/de\/land-of-memory-im-fruehjahr\/#primaryimage\"},\"thumbnailUrl\":\"https:\/\/www.landofmemory.eu\/wp-content\/uploads\/2022\/03\/fort-huy-1024x683.jpeg\",\"datePublished\":\"2022-04-12T08:34:19+00:00\",\"description\":\"Land of Memory bietet Ihnen eine Liste mit f\u00fcnf Aktivit\u00e4ten, die Sie mit Ihrer Familie unternehmen k\u00f6nnen. Sport, Geschichte und Spa\u00df sind garantiert!\",\"breadcrumb\":{\"@id\":\"https:\/\/www.landofmemory.eu\/de\/land-of-memory-im-fruehjahr\/#breadcrumb\"},\"inLanguage\":\"de\",\"potentialAction\":[{\"@type\":\"ReadAction\",\"target\":[\"https:\/\/www.landofmemory.eu\/de\/land-of-memory-im-fruehjahr\/\"]}]},{\"@type\":\"ImageObject\",\"inLanguage\":\"de\",\"@id\":\"https:\/\/www.landofmemory.eu\/de\/land-of-memory-im-fruehjahr\/#primaryimage\",\"url\":\"https:\/\/www.landofmemory.eu\/wp-content\/uploads\/2022\/03\/fort-huy-1024x683.jpeg\",\"contentUrl\":\"https:\/\/www.landofmemory.eu\/wp-content\/uploads\/2022\/03\/fort-huy-1024x683.jpeg\"},{\"@type\":\"BreadcrumbList\",\"@id\":\"https:\/\/www.landofmemory.eu\/de\/land-of-memory-im-fruehjahr\/#breadcrumb\",\"itemListElement\":[{\"@type\":\"ListItem\",\"position\":1,\"name\":\"Accueil\",\"item\":\"https:\/\/www.landofmemory.eu\/\"},{\"@type\":\"ListItem\",\"position\":2,\"name\":\"Land of Memory im Fr\u00fchjahr\"}]},{\"@type\":\"WebSite\",\"@id\":\"https:\/\/www.landofmemory.eu\/#website\",\"url\":\"https:\/\/www.landofmemory.eu\/\",\"name\":\"Land Of Memory\",\"description\":\"L&#039;histoire commence ici\",\"publisher\":{\"@id\":\"https:\/\/www.landofmemory.eu\/#organization\"},\"potentialAction\":[{\"@type\":\"SearchAction\",\"target\":{\"@type\":\"EntryPoint\",\"urlTemplate\":\"https:\/\/www.landofmemory.eu\/?s={search_term_string}\"},\"query-input\":{\"@type\":\"PropertyValueSpecification\",\"valueRequired\":true,\"valueName\":\"search_term_string\"}}],\"inLanguage\":\"de\"},{\"@type\":\"Organization\",\"@id\":\"https:\/\/www.landofmemory.eu\/#organization\",\"name\":\"Land Of Memory\",\"url\":\"https:\/\/www.landofmemory.eu\/\",\"logo\":{\"@type\":\"ImageObject\",\"inLanguage\":\"de\",\"@id\":\"https:\/\/www.landofmemory.eu\/#\/schema\/logo\/image\/\",\"url\":\"https:\/\/www.landofmemory.eu\/wp-content\/uploads\/2022\/10\/logo-land-of-memory.jpg\",\"contentUrl\":\"https:\/\/www.landofmemory.eu\/wp-content\/uploads\/2022\/10\/logo-land-of-memory.jpg\",\"width\":1000,\"height\":500,\"caption\":\"Land Of Memory\"},\"image\":{\"@id\":\"https:\/\/www.landofmemory.eu\/#\/schema\/logo\/image\/\"},\"sameAs\":[\"https:\/\/www.facebook.com\/landofmemory.eu\",\"https:\/\/www.instagram.com\/landofmemory_eu\/\"]},{\"@type\":\"Person\",\"@id\":\"https:\/\/www.landofmemory.eu\/#\/schema\/person\/3a354fbb160c68816af4cedf9a3298a3\",\"name\":\"Flavie\",\"image\":{\"@type\":\"ImageObject\",\"inLanguage\":\"de\",\"@id\":\"https:\/\/www.landofmemory.eu\/#\/schema\/person\/image\/\",\"url\":\"https:\/\/secure.gravatar.com\/avatar\/aae4e465e314f642e145e6911d78ad1f992398054d5db98c6bb0bae76a16af16?s=96&d=mm&r=g\",\"contentUrl\":\"https:\/\/secure.gravatar.com\/avatar\/aae4e465e314f642e145e6911d78ad1f992398054d5db98c6bb0bae76a16af16?s=96&d=mm&r=g\",\"caption\":\"Flavie\"},\"url\":\"https:\/\/www.landofmemory.eu\/de\/author\/berry\/\"}]}<\/script>\n<!-- \/ Yoast SEO plugin. -->","yoast_head_json":{"title":"Land of Memory im Fr\u00fchjahr - Land Of Memory","description":"Land of Memory bietet Ihnen eine Liste mit f\u00fcnf Aktivit\u00e4ten, die Sie mit Ihrer Familie unternehmen k\u00f6nnen. Sport, Geschichte und Spa\u00df sind garantiert!","robots":{"index":"index","follow":"follow","max-snippet":"max-snippet:-1","max-image-preview":"max-image-preview:large","max-video-preview":"max-video-preview:-1"},"canonical":"https:\/\/www.landofmemory.eu\/de\/land-of-memory-im-fruehjahr\/","og_locale":"de_DE","og_type":"article","og_title":"Land of Memory im Fr\u00fchjahr - Land Of Memory","og_description":"Land of Memory bietet Ihnen eine Liste mit f\u00fcnf Aktivit\u00e4ten, die Sie mit Ihrer Familie unternehmen k\u00f6nnen. Sport, Geschichte und Spa\u00df sind garantiert!","og_url":"https:\/\/www.landofmemory.eu\/de\/land-of-memory-im-fruehjahr\/","og_site_name":"Land Of Memory","article_publisher":"https:\/\/www.facebook.com\/landofmemory.eu","article_published_time":"2022-04-12T08:34:19+00:00","og_image":[{"url":"https:\/\/www.landofmemory.eu\/wp-content\/uploads\/2022\/03\/fort-huy-1024x683.jpeg","type":"","width":"","height":""}],"author":"Flavie","twitter_card":"summary_large_image","twitter_misc":{"Verfasst von":"Flavie","Gesch\u00e4tzte Lesezeit":"4\u00a0Minuten"},"schema":{"@context":"https:\/\/schema.org","@graph":[{"@type":"Article","@id":"https:\/\/www.landofmemory.eu\/de\/land-of-memory-im-fruehjahr\/#article","isPartOf":{"@id":"https:\/\/www.landofmemory.eu\/de\/land-of-memory-im-fruehjahr\/"},"author":{"name":"Flavie","@id":"https:\/\/www.landofmemory.eu\/#\/schema\/person\/3a354fbb160c68816af4cedf9a3298a3"},"headline":"Land of Memory im Fr\u00fchjahr","datePublished":"2022-04-12T08:34:19+00:00","mainEntityOfPage":{"@id":"https:\/\/www.landofmemory.eu\/de\/land-of-memory-im-fruehjahr\/"},"wordCount":770,"publisher":{"@id":"https:\/\/www.landofmemory.eu\/#organization"},"image":{"@id":"https:\/\/www.landofmemory.eu\/de\/land-of-memory-im-fruehjahr\/#primaryimage"},"thumbnailUrl":"https:\/\/www.landofmemory.eu\/wp-content\/uploads\/2022\/03\/fort-huy-1024x683.jpeg","articleSection":["Nachrichten"],"inLanguage":"de"},{"@type":"WebPage","@id":"https:\/\/www.landofmemory.eu\/de\/land-of-memory-im-fruehjahr\/","url":"https:\/\/www.landofmemory.eu\/de\/land-of-memory-im-fruehjahr\/","name":"Land of Memory im Fr\u00fchjahr - Land Of Memory","isPartOf":{"@id":"https:\/\/www.landofmemory.eu\/#website"},"primaryImageOfPage":{"@id":"https:\/\/www.landofmemory.eu\/de\/land-of-memory-im-fruehjahr\/#primaryimage"},"image":{"@id":"https:\/\/www.landofmemory.eu\/de\/land-of-memory-im-fruehjahr\/#primaryimage"},"thumbnailUrl":"https:\/\/www.landofmemory.eu\/wp-content\/uploads\/2022\/03\/fort-huy-1024x683.jpeg","datePublished":"2022-04-12T08:34:19+00:00","description":"Land of Memory bietet Ihnen eine Liste mit f\u00fcnf Aktivit\u00e4ten, die Sie mit Ihrer Familie unternehmen k\u00f6nnen. Sport, Geschichte und Spa\u00df sind garantiert!","breadcrumb":{"@id":"https:\/\/www.landofmemory.eu\/de\/land-of-memory-im-fruehjahr\/#breadcrumb"},"inLanguage":"de","potentialAction":[{"@type":"ReadAction","target":["https:\/\/www.landofmemory.eu\/de\/land-of-memory-im-fruehjahr\/"]}]},{"@type":"ImageObject","inLanguage":"de","@id":"https:\/\/www.landofmemory.eu\/de\/land-of-memory-im-fruehjahr\/#primaryimage","url":"https:\/\/www.landofmemory.eu\/wp-content\/uploads\/2022\/03\/fort-huy-1024x683.jpeg","contentUrl":"https:\/\/www.landofmemory.eu\/wp-content\/uploads\/2022\/03\/fort-huy-1024x683.jpeg"},{"@type":"BreadcrumbList","@id":"https:\/\/www.landofmemory.eu\/de\/land-of-memory-im-fruehjahr\/#breadcrumb","itemListElement":[{"@type":"ListItem","position":1,"name":"Accueil","item":"https:\/\/www.landofmemory.eu\/"},{"@type":"ListItem","position":2,"name":"Land of Memory im Fr\u00fchjahr"}]},{"@type":"WebSite","@id":"https:\/\/www.landofmemory.eu\/#website","url":"https:\/\/www.landofmemory.eu\/","name":"Land Of Memory","description":"L&#039;histoire commence ici","publisher":{"@id":"https:\/\/www.landofmemory.eu\/#organization"},"potentialAction":[{"@type":"SearchAction","target":{"@type":"EntryPoint","urlTemplate":"https:\/\/www.landofmemory.eu\/?s={search_term_string}"},"query-input":{"@type":"PropertyValueSpecification","valueRequired":true,"valueName":"search_term_string"}}],"inLanguage":"de"},{"@type":"Organization","@id":"https:\/\/www.landofmemory.eu\/#organization","name":"Land Of Memory","url":"https:\/\/www.landofmemory.eu\/","logo":{"@type":"ImageObject","inLanguage":"de","@id":"https:\/\/www.landofmemory.eu\/#\/schema\/logo\/image\/","url":"https:\/\/www.landofmemory.eu\/wp-content\/uploads\/2022\/10\/logo-land-of-memory.jpg","contentUrl":"https:\/\/www.landofmemory.eu\/wp-content\/uploads\/2022\/10\/logo-land-of-memory.jpg","width":1000,"height":500,"caption":"Land Of Memory"},"image":{"@id":"https:\/\/www.landofmemory.eu\/#\/schema\/logo\/image\/"},"sameAs":["https:\/\/www.facebook.com\/landofmemory.eu","https:\/\/www.instagram.com\/landofmemory_eu\/"]},{"@type":"Person","@id":"https:\/\/www.landofmemory.eu\/#\/schema\/person\/3a354fbb160c68816af4cedf9a3298a3","name":"Flavie","image":{"@type":"ImageObject","inLanguage":"de","@id":"https:\/\/www.landofmemory.eu\/#\/schema\/person\/image\/","url":"https:\/\/secure.gravatar.com\/avatar\/aae4e465e314f642e145e6911d78ad1f992398054d5db98c6bb0bae76a16af16?s=96&d=mm&r=g","contentUrl":"https:\/\/secure.gravatar.com\/avatar\/aae4e465e314f642e145e6911d78ad1f992398054d5db98c6bb0bae76a16af16?s=96&d=mm&r=g","caption":"Flavie"},"url":"https:\/\/www.landofmemory.eu\/de\/author\/berry\/"}]}},"_links":{"self":[{"href":"https:\/\/www.landofmemory.eu\/de\/wp-json\/wp\/v2\/posts\/8442","targetHints":{"allow":["GET"]}}],"collection":[{"href":"https:\/\/www.landofmemory.eu\/de\/wp-json\/wp\/v2\/posts"}],"about":[{"href":"https:\/\/www.landofmemory.eu\/de\/wp-json\/wp\/v2\/types\/post"}],"author":[{"embeddable":true,"href":"https:\/\/www.landofmemory.eu\/de\/wp-json\/wp\/v2\/users\/4"}],"replies":[{"embeddable":true,"href":"https:\/\/www.landofmemory.eu\/de\/wp-json\/wp\/v2\/comments?post=8442"}],"version-history":[{"count":1,"href":"https:\/\/www.landofmemory.eu\/de\/wp-json\/wp\/v2\/posts\/8442\/revisions"}],"predecessor-version":[{"id":8443,"href":"https:\/\/www.landofmemory.eu\/de\/wp-json\/wp\/v2\/posts\/8442\/revisions\/8443"}],"wp:attachment":[{"href":"https:\/\/www.landofmemory.eu\/de\/wp-json\/wp\/v2\/media?parent=8442"}],"wp:term":[{"taxonomy":"category","embeddable":true,"href":"https:\/\/www.landofmemory.eu\/de\/wp-json\/wp\/v2\/categories?post=8442"},{"taxonomy":"post_tag","embeddable":true,"href":"https:\/\/www.landofmemory.eu\/de\/wp-json\/wp\/v2\/tags?post=8442"}],"curies":[{"name":"wp","href":"https:\/\/api.w.org\/{rel}","templated":true}]}}