{"id":9077,"date":"2022-05-19T17:19:08","date_gmt":"2022-05-19T15:19:08","guid":{"rendered":"https:\/\/www.landofmemory.eu\/eroeffnung-des-neuen-interpretationszentrums-zum-grossen-krieg-in-rossignol\/"},"modified":"2022-05-23T16:16:35","modified_gmt":"2022-05-23T14:16:35","slug":"eroeffnung-des-neuen-interpretationszentrums-zum-grossen-krieg-in-rossignol","status":"publish","type":"post","link":"https:\/\/www.landofmemory.eu\/de\/eroeffnung-des-neuen-interpretationszentrums-zum-grossen-krieg-in-rossignol\/","title":{"rendered":"Er\u00f6ffnung des neuen Interpretationszentrums zum Gro\u00dfen Krieg in Rossignol."},"content":{"rendered":"\n<h2 class=\"wp-block-heading\">Eine pr\u00e4gende Schlacht<\/h2>\n\n<p>In Rossignol r\u00fcckte am 22. August 1914 ein franz\u00f6sisches Regiment in Richtung Neufch\u00e2teau vor. Diese wussten nicht, dass am anderen Ende die feindlichen Streitkr\u00e4fte auf sie warteten. Diese Schlacht war somit eine schreckliche Niederlage f\u00fcr die 3. franz\u00f6sische Kolonialinfanteriedivision.<\/p>\n\n<div class=\"wp-block-image\"><figure class=\"aligncenter size-large\"><img loading=\"lazy\" decoding=\"async\" width=\"1024\" height=\"768\" src=\"https:\/\/www.landofmemory.eu\/wp-content\/uploads\/2022\/04\/240807159_252758106698373_6035936011256891490_n-1-1024x768.jpg\" alt=\"\" class=\"wp-image-8778\" srcset=\"https:\/\/www.landofmemory.eu\/wp-content\/uploads\/2022\/04\/240807159_252758106698373_6035936011256891490_n-1-1024x768.jpg 1024w, https:\/\/www.landofmemory.eu\/wp-content\/uploads\/2022\/04\/240807159_252758106698373_6035936011256891490_n-1-300x225.jpg 300w, https:\/\/www.landofmemory.eu\/wp-content\/uploads\/2022\/04\/240807159_252758106698373_6035936011256891490_n-1-768x576.jpg 768w, https:\/\/www.landofmemory.eu\/wp-content\/uploads\/2022\/04\/240807159_252758106698373_6035936011256891490_n-1-1536x1152.jpg 1536w, https:\/\/www.landofmemory.eu\/wp-content\/uploads\/2022\/04\/240807159_252758106698373_6035936011256891490_n-1-600x450.jpg 600w, https:\/\/www.landofmemory.eu\/wp-content\/uploads\/2022\/04\/240807159_252758106698373_6035936011256891490_n-1.jpg 2016w\" sizes=\"auto, (max-width: 1024px) 100vw, 1024px\" \/><\/figure><\/div>\n\n<p>Die Schlacht von Rossignol dauerte nur einen Tag. Dennoch war sie eine der verlustreichsten Schlachten des Ersten Weltkriegs. Auf franz\u00f6sischer Seite wurden von 11.900 Soldaten 2.800 get\u00f6tet und viele weitere verwundet oder gefangen genommen. Auf deutscher Seite verloren 1.400 von 3.500 Soldaten ihr Leben. <\/p>\n\n<p>Auch die Zivilbev\u00f6lkerung blieb nicht verschont. Die D\u00f6rfer wurden gepl\u00fcndert und in Schutt und Asche gelegt. Auch 125 Einwohner von Rossignol wurden im Bahnhof von Arlon erschossen.&#13;\n<\/p>\n\n<h2 class=\"wp-block-heading\">Das Interpretationszentrum des Gro\u00dfen Krieges in Rossignol<\/h2>\n\n<p><a href=\"https:\/\/www.landofmemory.eu\/de\/sites-historiques\/zentrum-fuer-die-interpretation-des-grossen-krieges-in-rossignol\/\" rel=\"noopener\" target=\"_blank\">Das Interpretationszentrum des Gro\u00dfen<\/a> Krieges erz\u00e4hlt von der schrecklichen Reise dieser Soldaten und Zivilisten w\u00e4hrend der Schlacht von Rossignol. Der Ort ist ein guter Ausgangspunkt, um die Geschehnisse des Ersten Weltkriegs zu verstehen. Anschlie\u00dfend kann man die zahlreichen Orte und Schlachtfelder in der Umgebung besuchen.<\/p>\n\n<p>Das Zentrum befindet sich im Park des Schlosses Rossignol. Diese Lage ist kein Zufall! An diesem Ort wurden viele Verwundete aus der Schlacht behandelt. Der Besuch des Museums gliedert sich in f\u00fcnf Schwerpunkte. Zun\u00e4chst wird der Konflikt rekontextualisiert. Anschlie\u00dfend taucht man anhand verschiedener Illustrationen in das Herz des Kampfes an diesem Tag, dem 22. August 1914, ein. Danach begibt man sich in das Innere des Waldes von Rossignol. Einer der H\u00f6hepunkte des Besuchs sind die Aussagen der damaligen Zivilisten. Ihre bewegenden Worte verdeutlichen die Sch\u00e4den und Auswirkungen des Krieges, sowohl physisch als auch emotional. Zum Abschluss des Besuchs werden die Gedenkst\u00e4tten vorgestellt.<\/p>\n\n<figure class=\"wp-block-gallery aligncenter has-nested-images columns-default is-cropped wp-block-gallery-1 is-layout-flex wp-block-gallery-is-layout-flex\">\n<figure class=\"wp-block-image size-full\"><img decoding=\"async\" data-id=\"8990\" src=\"https:\/\/www.landofmemory.eu\/wp-content\/uploads\/2022\/05\/centre-me&#x301;moriel-rossignol.jpeg\" alt=\"\" class=\"wp-image-8990\"\/><figcaption>\u00a9 Centre M\u00e9moriel de Rossignol<\/figcaption><\/figure>\n\n\n\n<figure class=\"wp-block-image size-full\"><img decoding=\"async\" data-id=\"8995\" src=\"https:\/\/www.landofmemory.eu\/wp-content\/uploads\/2022\/05\/centre-me&#x301;mo-rossi-2.jpeg\" alt=\"\" class=\"wp-image-8995\"\/><figcaption>\u00a9 Centre M\u00e9moriel de Rossignol<\/figcaption><\/figure>\n<\/figure>\n","protected":false},"excerpt":{"rendered":"<p>Eine pr\u00e4gende Schlacht In Rossignol r\u00fcckte am 22. August 1914 ein franz\u00f6sisches Regiment in Richtung Neufch\u00e2teau vor. Diese wussten nicht, dass am anderen Ende die feindlichen Streitkr\u00e4fte auf sie warteten. Diese Schlacht war somit eine schreckliche Niederlage f\u00fcr die 3. franz\u00f6sische Kolonialinfanteriedivision. Die Schlacht von Rossignol dauerte nur einen Tag. Dennoch war sie eine der [&hellip;]<\/p>\n","protected":false},"author":4,"featured_media":0,"comment_status":"open","ping_status":"open","sticky":false,"template":"","format":"standard","meta":{"_acf_changed":false,"footnotes":""},"categories":[114],"tags":[],"class_list":["post-9077","post","type-post","status-publish","format-standard","hentry","category-nachrichten"],"acf":[],"yoast_head":"<!-- This site is optimized with the Yoast SEO plugin v26.0 - https:\/\/yoast.com\/wordpress\/plugins\/seo\/ -->\n<title>Interpretationszentrum des Gro\u00dfen Krieges in Rossignol<\/title>\n<meta name=\"description\" content=\"Entdecken Sie das Interpretationszentrum in Rossignol. Dieser Ort zeichnet die H\u00f6hepunkte der Schlacht von Rossignol im August 1914 nach.\" \/>\n<meta name=\"robots\" content=\"index, follow, max-snippet:-1, max-image-preview:large, max-video-preview:-1\" \/>\n<link rel=\"canonical\" href=\"https:\/\/www.landofmemory.eu\/de\/eroeffnung-des-neuen-interpretationszentrums-zum-grossen-krieg-in-rossignol\/\" \/>\n<meta property=\"og:locale\" content=\"de_DE\" \/>\n<meta property=\"og:type\" content=\"article\" \/>\n<meta property=\"og:title\" content=\"Interpretationszentrum des Gro\u00dfen Krieges in Rossignol\" \/>\n<meta property=\"og:description\" content=\"Entdecken Sie das Interpretationszentrum in Rossignol. Dieser Ort zeichnet die H\u00f6hepunkte der Schlacht von Rossignol im August 1914 nach.\" \/>\n<meta property=\"og:url\" content=\"https:\/\/www.landofmemory.eu\/de\/eroeffnung-des-neuen-interpretationszentrums-zum-grossen-krieg-in-rossignol\/\" \/>\n<meta property=\"og:site_name\" content=\"Land Of Memory\" \/>\n<meta property=\"article:publisher\" content=\"https:\/\/www.facebook.com\/landofmemory.eu\" \/>\n<meta property=\"article:published_time\" content=\"2022-05-19T15:19:08+00:00\" \/>\n<meta property=\"article:modified_time\" content=\"2022-05-23T14:16:35+00:00\" \/>\n<meta property=\"og:image\" content=\"https:\/\/www.landofmemory.eu\/wp-content\/uploads\/2022\/04\/240807159_252758106698373_6035936011256891490_n-1-1024x768.jpg\" \/>\n<meta name=\"author\" content=\"Flavie\" \/>\n<meta name=\"twitter:card\" content=\"summary_large_image\" \/>\n<meta name=\"twitter:label1\" content=\"Verfasst von\" \/>\n\t<meta name=\"twitter:data1\" content=\"Flavie\" \/>\n\t<meta name=\"twitter:label2\" content=\"Gesch\u00e4tzte Lesezeit\" \/>\n\t<meta name=\"twitter:data2\" content=\"1\u00a0Minute\" \/>\n<script type=\"application\/ld+json\" class=\"yoast-schema-graph\">{\"@context\":\"https:\/\/schema.org\",\"@graph\":[{\"@type\":\"Article\",\"@id\":\"https:\/\/www.landofmemory.eu\/de\/eroeffnung-des-neuen-interpretationszentrums-zum-grossen-krieg-in-rossignol\/#article\",\"isPartOf\":{\"@id\":\"https:\/\/www.landofmemory.eu\/de\/eroeffnung-des-neuen-interpretationszentrums-zum-grossen-krieg-in-rossignol\/\"},\"author\":{\"name\":\"Flavie\",\"@id\":\"https:\/\/www.landofmemory.eu\/#\/schema\/person\/3a354fbb160c68816af4cedf9a3298a3\"},\"headline\":\"Er\u00f6ffnung des neuen Interpretationszentrums zum Gro\u00dfen Krieg in Rossignol.\",\"datePublished\":\"2022-05-19T15:19:08+00:00\",\"dateModified\":\"2022-05-23T14:16:35+00:00\",\"mainEntityOfPage\":{\"@id\":\"https:\/\/www.landofmemory.eu\/de\/eroeffnung-des-neuen-interpretationszentrums-zum-grossen-krieg-in-rossignol\/\"},\"wordCount\":301,\"commentCount\":0,\"publisher\":{\"@id\":\"https:\/\/www.landofmemory.eu\/#organization\"},\"image\":{\"@id\":\"https:\/\/www.landofmemory.eu\/de\/eroeffnung-des-neuen-interpretationszentrums-zum-grossen-krieg-in-rossignol\/#primaryimage\"},\"thumbnailUrl\":\"https:\/\/www.landofmemory.eu\/wp-content\/uploads\/2022\/04\/240807159_252758106698373_6035936011256891490_n-1-1024x768.jpg\",\"articleSection\":[\"Nachrichten\"],\"inLanguage\":\"de\",\"potentialAction\":[{\"@type\":\"CommentAction\",\"name\":\"Comment\",\"target\":[\"https:\/\/www.landofmemory.eu\/de\/eroeffnung-des-neuen-interpretationszentrums-zum-grossen-krieg-in-rossignol\/#respond\"]}]},{\"@type\":\"WebPage\",\"@id\":\"https:\/\/www.landofmemory.eu\/de\/eroeffnung-des-neuen-interpretationszentrums-zum-grossen-krieg-in-rossignol\/\",\"url\":\"https:\/\/www.landofmemory.eu\/de\/eroeffnung-des-neuen-interpretationszentrums-zum-grossen-krieg-in-rossignol\/\",\"name\":\"Interpretationszentrum des Gro\u00dfen Krieges in Rossignol\",\"isPartOf\":{\"@id\":\"https:\/\/www.landofmemory.eu\/#website\"},\"primaryImageOfPage\":{\"@id\":\"https:\/\/www.landofmemory.eu\/de\/eroeffnung-des-neuen-interpretationszentrums-zum-grossen-krieg-in-rossignol\/#primaryimage\"},\"image\":{\"@id\":\"https:\/\/www.landofmemory.eu\/de\/eroeffnung-des-neuen-interpretationszentrums-zum-grossen-krieg-in-rossignol\/#primaryimage\"},\"thumbnailUrl\":\"https:\/\/www.landofmemory.eu\/wp-content\/uploads\/2022\/04\/240807159_252758106698373_6035936011256891490_n-1-1024x768.jpg\",\"datePublished\":\"2022-05-19T15:19:08+00:00\",\"dateModified\":\"2022-05-23T14:16:35+00:00\",\"description\":\"Entdecken Sie das Interpretationszentrum in Rossignol. Dieser Ort zeichnet die H\u00f6hepunkte der Schlacht von Rossignol im August 1914 nach.\",\"breadcrumb\":{\"@id\":\"https:\/\/www.landofmemory.eu\/de\/eroeffnung-des-neuen-interpretationszentrums-zum-grossen-krieg-in-rossignol\/#breadcrumb\"},\"inLanguage\":\"de\",\"potentialAction\":[{\"@type\":\"ReadAction\",\"target\":[\"https:\/\/www.landofmemory.eu\/de\/eroeffnung-des-neuen-interpretationszentrums-zum-grossen-krieg-in-rossignol\/\"]}]},{\"@type\":\"ImageObject\",\"inLanguage\":\"de\",\"@id\":\"https:\/\/www.landofmemory.eu\/de\/eroeffnung-des-neuen-interpretationszentrums-zum-grossen-krieg-in-rossignol\/#primaryimage\",\"url\":\"https:\/\/www.landofmemory.eu\/wp-content\/uploads\/2022\/04\/240807159_252758106698373_6035936011256891490_n-1-1024x768.jpg\",\"contentUrl\":\"https:\/\/www.landofmemory.eu\/wp-content\/uploads\/2022\/04\/240807159_252758106698373_6035936011256891490_n-1-1024x768.jpg\"},{\"@type\":\"BreadcrumbList\",\"@id\":\"https:\/\/www.landofmemory.eu\/de\/eroeffnung-des-neuen-interpretationszentrums-zum-grossen-krieg-in-rossignol\/#breadcrumb\",\"itemListElement\":[{\"@type\":\"ListItem\",\"position\":1,\"name\":\"Accueil\",\"item\":\"https:\/\/www.landofmemory.eu\/\"},{\"@type\":\"ListItem\",\"position\":2,\"name\":\"Er\u00f6ffnung des neuen Interpretationszentrums zum Gro\u00dfen Krieg in Rossignol.\"}]},{\"@type\":\"WebSite\",\"@id\":\"https:\/\/www.landofmemory.eu\/#website\",\"url\":\"https:\/\/www.landofmemory.eu\/\",\"name\":\"Land Of Memory\",\"description\":\"L&#039;histoire commence ici\",\"publisher\":{\"@id\":\"https:\/\/www.landofmemory.eu\/#organization\"},\"potentialAction\":[{\"@type\":\"SearchAction\",\"target\":{\"@type\":\"EntryPoint\",\"urlTemplate\":\"https:\/\/www.landofmemory.eu\/?s={search_term_string}\"},\"query-input\":{\"@type\":\"PropertyValueSpecification\",\"valueRequired\":true,\"valueName\":\"search_term_string\"}}],\"inLanguage\":\"de\"},{\"@type\":\"Organization\",\"@id\":\"https:\/\/www.landofmemory.eu\/#organization\",\"name\":\"Land Of Memory\",\"url\":\"https:\/\/www.landofmemory.eu\/\",\"logo\":{\"@type\":\"ImageObject\",\"inLanguage\":\"de\",\"@id\":\"https:\/\/www.landofmemory.eu\/#\/schema\/logo\/image\/\",\"url\":\"https:\/\/www.landofmemory.eu\/wp-content\/uploads\/2022\/10\/logo-land-of-memory.jpg\",\"contentUrl\":\"https:\/\/www.landofmemory.eu\/wp-content\/uploads\/2022\/10\/logo-land-of-memory.jpg\",\"width\":1000,\"height\":500,\"caption\":\"Land Of Memory\"},\"image\":{\"@id\":\"https:\/\/www.landofmemory.eu\/#\/schema\/logo\/image\/\"},\"sameAs\":[\"https:\/\/www.facebook.com\/landofmemory.eu\",\"https:\/\/www.instagram.com\/landofmemory_eu\/\"]},{\"@type\":\"Person\",\"@id\":\"https:\/\/www.landofmemory.eu\/#\/schema\/person\/3a354fbb160c68816af4cedf9a3298a3\",\"name\":\"Flavie\",\"image\":{\"@type\":\"ImageObject\",\"inLanguage\":\"de\",\"@id\":\"https:\/\/www.landofmemory.eu\/#\/schema\/person\/image\/\",\"url\":\"https:\/\/secure.gravatar.com\/avatar\/aae4e465e314f642e145e6911d78ad1f992398054d5db98c6bb0bae76a16af16?s=96&d=mm&r=g\",\"contentUrl\":\"https:\/\/secure.gravatar.com\/avatar\/aae4e465e314f642e145e6911d78ad1f992398054d5db98c6bb0bae76a16af16?s=96&d=mm&r=g\",\"caption\":\"Flavie\"},\"url\":\"https:\/\/www.landofmemory.eu\/de\/author\/berry\/\"}]}<\/script>\n<!-- \/ Yoast SEO plugin. -->","yoast_head_json":{"title":"Interpretationszentrum des Gro\u00dfen Krieges in Rossignol","description":"Entdecken Sie das Interpretationszentrum in Rossignol. Dieser Ort zeichnet die H\u00f6hepunkte der Schlacht von Rossignol im August 1914 nach.","robots":{"index":"index","follow":"follow","max-snippet":"max-snippet:-1","max-image-preview":"max-image-preview:large","max-video-preview":"max-video-preview:-1"},"canonical":"https:\/\/www.landofmemory.eu\/de\/eroeffnung-des-neuen-interpretationszentrums-zum-grossen-krieg-in-rossignol\/","og_locale":"de_DE","og_type":"article","og_title":"Interpretationszentrum des Gro\u00dfen Krieges in Rossignol","og_description":"Entdecken Sie das Interpretationszentrum in Rossignol. Dieser Ort zeichnet die H\u00f6hepunkte der Schlacht von Rossignol im August 1914 nach.","og_url":"https:\/\/www.landofmemory.eu\/de\/eroeffnung-des-neuen-interpretationszentrums-zum-grossen-krieg-in-rossignol\/","og_site_name":"Land Of Memory","article_publisher":"https:\/\/www.facebook.com\/landofmemory.eu","article_published_time":"2022-05-19T15:19:08+00:00","article_modified_time":"2022-05-23T14:16:35+00:00","og_image":[{"url":"https:\/\/www.landofmemory.eu\/wp-content\/uploads\/2022\/04\/240807159_252758106698373_6035936011256891490_n-1-1024x768.jpg","type":"","width":"","height":""}],"author":"Flavie","twitter_card":"summary_large_image","twitter_misc":{"Verfasst von":"Flavie","Gesch\u00e4tzte Lesezeit":"1\u00a0Minute"},"schema":{"@context":"https:\/\/schema.org","@graph":[{"@type":"Article","@id":"https:\/\/www.landofmemory.eu\/de\/eroeffnung-des-neuen-interpretationszentrums-zum-grossen-krieg-in-rossignol\/#article","isPartOf":{"@id":"https:\/\/www.landofmemory.eu\/de\/eroeffnung-des-neuen-interpretationszentrums-zum-grossen-krieg-in-rossignol\/"},"author":{"name":"Flavie","@id":"https:\/\/www.landofmemory.eu\/#\/schema\/person\/3a354fbb160c68816af4cedf9a3298a3"},"headline":"Er\u00f6ffnung des neuen Interpretationszentrums zum Gro\u00dfen Krieg in Rossignol.","datePublished":"2022-05-19T15:19:08+00:00","dateModified":"2022-05-23T14:16:35+00:00","mainEntityOfPage":{"@id":"https:\/\/www.landofmemory.eu\/de\/eroeffnung-des-neuen-interpretationszentrums-zum-grossen-krieg-in-rossignol\/"},"wordCount":301,"commentCount":0,"publisher":{"@id":"https:\/\/www.landofmemory.eu\/#organization"},"image":{"@id":"https:\/\/www.landofmemory.eu\/de\/eroeffnung-des-neuen-interpretationszentrums-zum-grossen-krieg-in-rossignol\/#primaryimage"},"thumbnailUrl":"https:\/\/www.landofmemory.eu\/wp-content\/uploads\/2022\/04\/240807159_252758106698373_6035936011256891490_n-1-1024x768.jpg","articleSection":["Nachrichten"],"inLanguage":"de","potentialAction":[{"@type":"CommentAction","name":"Comment","target":["https:\/\/www.landofmemory.eu\/de\/eroeffnung-des-neuen-interpretationszentrums-zum-grossen-krieg-in-rossignol\/#respond"]}]},{"@type":"WebPage","@id":"https:\/\/www.landofmemory.eu\/de\/eroeffnung-des-neuen-interpretationszentrums-zum-grossen-krieg-in-rossignol\/","url":"https:\/\/www.landofmemory.eu\/de\/eroeffnung-des-neuen-interpretationszentrums-zum-grossen-krieg-in-rossignol\/","name":"Interpretationszentrum des Gro\u00dfen Krieges in Rossignol","isPartOf":{"@id":"https:\/\/www.landofmemory.eu\/#website"},"primaryImageOfPage":{"@id":"https:\/\/www.landofmemory.eu\/de\/eroeffnung-des-neuen-interpretationszentrums-zum-grossen-krieg-in-rossignol\/#primaryimage"},"image":{"@id":"https:\/\/www.landofmemory.eu\/de\/eroeffnung-des-neuen-interpretationszentrums-zum-grossen-krieg-in-rossignol\/#primaryimage"},"thumbnailUrl":"https:\/\/www.landofmemory.eu\/wp-content\/uploads\/2022\/04\/240807159_252758106698373_6035936011256891490_n-1-1024x768.jpg","datePublished":"2022-05-19T15:19:08+00:00","dateModified":"2022-05-23T14:16:35+00:00","description":"Entdecken Sie das Interpretationszentrum in Rossignol. Dieser Ort zeichnet die H\u00f6hepunkte der Schlacht von Rossignol im August 1914 nach.","breadcrumb":{"@id":"https:\/\/www.landofmemory.eu\/de\/eroeffnung-des-neuen-interpretationszentrums-zum-grossen-krieg-in-rossignol\/#breadcrumb"},"inLanguage":"de","potentialAction":[{"@type":"ReadAction","target":["https:\/\/www.landofmemory.eu\/de\/eroeffnung-des-neuen-interpretationszentrums-zum-grossen-krieg-in-rossignol\/"]}]},{"@type":"ImageObject","inLanguage":"de","@id":"https:\/\/www.landofmemory.eu\/de\/eroeffnung-des-neuen-interpretationszentrums-zum-grossen-krieg-in-rossignol\/#primaryimage","url":"https:\/\/www.landofmemory.eu\/wp-content\/uploads\/2022\/04\/240807159_252758106698373_6035936011256891490_n-1-1024x768.jpg","contentUrl":"https:\/\/www.landofmemory.eu\/wp-content\/uploads\/2022\/04\/240807159_252758106698373_6035936011256891490_n-1-1024x768.jpg"},{"@type":"BreadcrumbList","@id":"https:\/\/www.landofmemory.eu\/de\/eroeffnung-des-neuen-interpretationszentrums-zum-grossen-krieg-in-rossignol\/#breadcrumb","itemListElement":[{"@type":"ListItem","position":1,"name":"Accueil","item":"https:\/\/www.landofmemory.eu\/"},{"@type":"ListItem","position":2,"name":"Er\u00f6ffnung des neuen Interpretationszentrums zum Gro\u00dfen Krieg in Rossignol."}]},{"@type":"WebSite","@id":"https:\/\/www.landofmemory.eu\/#website","url":"https:\/\/www.landofmemory.eu\/","name":"Land Of Memory","description":"L&#039;histoire commence ici","publisher":{"@id":"https:\/\/www.landofmemory.eu\/#organization"},"potentialAction":[{"@type":"SearchAction","target":{"@type":"EntryPoint","urlTemplate":"https:\/\/www.landofmemory.eu\/?s={search_term_string}"},"query-input":{"@type":"PropertyValueSpecification","valueRequired":true,"valueName":"search_term_string"}}],"inLanguage":"de"},{"@type":"Organization","@id":"https:\/\/www.landofmemory.eu\/#organization","name":"Land Of Memory","url":"https:\/\/www.landofmemory.eu\/","logo":{"@type":"ImageObject","inLanguage":"de","@id":"https:\/\/www.landofmemory.eu\/#\/schema\/logo\/image\/","url":"https:\/\/www.landofmemory.eu\/wp-content\/uploads\/2022\/10\/logo-land-of-memory.jpg","contentUrl":"https:\/\/www.landofmemory.eu\/wp-content\/uploads\/2022\/10\/logo-land-of-memory.jpg","width":1000,"height":500,"caption":"Land Of Memory"},"image":{"@id":"https:\/\/www.landofmemory.eu\/#\/schema\/logo\/image\/"},"sameAs":["https:\/\/www.facebook.com\/landofmemory.eu","https:\/\/www.instagram.com\/landofmemory_eu\/"]},{"@type":"Person","@id":"https:\/\/www.landofmemory.eu\/#\/schema\/person\/3a354fbb160c68816af4cedf9a3298a3","name":"Flavie","image":{"@type":"ImageObject","inLanguage":"de","@id":"https:\/\/www.landofmemory.eu\/#\/schema\/person\/image\/","url":"https:\/\/secure.gravatar.com\/avatar\/aae4e465e314f642e145e6911d78ad1f992398054d5db98c6bb0bae76a16af16?s=96&d=mm&r=g","contentUrl":"https:\/\/secure.gravatar.com\/avatar\/aae4e465e314f642e145e6911d78ad1f992398054d5db98c6bb0bae76a16af16?s=96&d=mm&r=g","caption":"Flavie"},"url":"https:\/\/www.landofmemory.eu\/de\/author\/berry\/"}]}},"_links":{"self":[{"href":"https:\/\/www.landofmemory.eu\/de\/wp-json\/wp\/v2\/posts\/9077","targetHints":{"allow":["GET"]}}],"collection":[{"href":"https:\/\/www.landofmemory.eu\/de\/wp-json\/wp\/v2\/posts"}],"about":[{"href":"https:\/\/www.landofmemory.eu\/de\/wp-json\/wp\/v2\/types\/post"}],"author":[{"embeddable":true,"href":"https:\/\/www.landofmemory.eu\/de\/wp-json\/wp\/v2\/users\/4"}],"replies":[{"embeddable":true,"href":"https:\/\/www.landofmemory.eu\/de\/wp-json\/wp\/v2\/comments?post=9077"}],"version-history":[{"count":7,"href":"https:\/\/www.landofmemory.eu\/de\/wp-json\/wp\/v2\/posts\/9077\/revisions"}],"predecessor-version":[{"id":9101,"href":"https:\/\/www.landofmemory.eu\/de\/wp-json\/wp\/v2\/posts\/9077\/revisions\/9101"}],"wp:attachment":[{"href":"https:\/\/www.landofmemory.eu\/de\/wp-json\/wp\/v2\/media?parent=9077"}],"wp:term":[{"taxonomy":"category","embeddable":true,"href":"https:\/\/www.landofmemory.eu\/de\/wp-json\/wp\/v2\/categories?post=9077"},{"taxonomy":"post_tag","embeddable":true,"href":"https:\/\/www.landofmemory.eu\/de\/wp-json\/wp\/v2\/tags?post=9077"}],"curies":[{"name":"wp","href":"https:\/\/api.w.org\/{rel}","templated":true}]}}