{"id":82,"count":7,"description":"Einige St\u00e4dte haben w\u00e4hrend der bewaffneten Konflikte des 20. Jahrhunderts Schreckliches erlebt. Die gro\u00dfen St\u00e4dte im Land of Memory, wie Verdun, Bastogne oder L\u00fcttich, bieten eine Vielzahl von Besichtigungsm\u00f6glichkeiten, um in diese schrecklichen Jahre und die noch sichtbaren \"Narben\" einzutauchen.","link":"https:\/\/www.landofmemory.eu\/de\/historische-statten\/stadte\/","name":"St\u00e4dte","slug":"stadte","taxonomy":"type_site","parent":0,"meta":[],"acf":[],"yoast_head":"<!-- This site is optimized with the Yoast SEO plugin v26.0 - https:\/\/yoast.com\/wordpress\/plugins\/seo\/ -->\n<title>Unumg\u00e4ngliche St\u00e4dte mit Bezug zu den Weltkriegen - Land Of Memory<\/title>\n<meta name=\"description\" content=\"Entdecken Sie die wichtigsten St\u00e4dte, die mit den Weltkriegen auf dem Gebiet von Land of Memory in Verbindung stehen.\" \/>\n<meta name=\"robots\" content=\"index, follow, max-snippet:-1, max-image-preview:large, max-video-preview:-1\" \/>\n<link rel=\"canonical\" href=\"https:\/\/www.landofmemory.eu\/de\/historische-statten\/stadte\/\" \/>\n<meta property=\"og:locale\" content=\"de_DE\" \/>\n<meta property=\"og:type\" content=\"article\" \/>\n<meta property=\"og:title\" content=\"Unumg\u00e4ngliche St\u00e4dte mit Bezug zu den Weltkriegen - Land Of Memory\" \/>\n<meta property=\"og:description\" content=\"Entdecken Sie die wichtigsten St\u00e4dte, die mit den Weltkriegen auf dem Gebiet von Land of Memory in Verbindung stehen.\" \/>\n<meta property=\"og:url\" content=\"https:\/\/www.landofmemory.eu\/de\/historische-statten\/stadte\/\" \/>\n<meta property=\"og:site_name\" content=\"Land Of Memory\" \/>\n<meta name=\"twitter:card\" content=\"summary_large_image\" \/>\n<script type=\"application\/ld+json\" class=\"yoast-schema-graph\">{\"@context\":\"https:\/\/schema.org\",\"@graph\":[{\"@type\":\"CollectionPage\",\"@id\":\"https:\/\/www.landofmemory.eu\/de\/historische-statten\/stadte\/\",\"url\":\"https:\/\/www.landofmemory.eu\/de\/historische-statten\/stadte\/\",\"name\":\"Unumg\u00e4ngliche St\u00e4dte mit Bezug zu den Weltkriegen - Land Of Memory\",\"isPartOf\":{\"@id\":\"https:\/\/www.landofmemory.eu\/#website\"},\"description\":\"Entdecken Sie die wichtigsten St\u00e4dte, die mit den Weltkriegen auf dem Gebiet von Land of Memory in Verbindung stehen.\",\"breadcrumb\":{\"@id\":\"https:\/\/www.landofmemory.eu\/de\/historische-statten\/stadte\/#breadcrumb\"},\"inLanguage\":\"de\"},{\"@type\":\"BreadcrumbList\",\"@id\":\"https:\/\/www.landofmemory.eu\/de\/historische-statten\/stadte\/#breadcrumb\",\"itemListElement\":[{\"@type\":\"ListItem\",\"position\":1,\"name\":\"Accueil\",\"item\":\"https:\/\/www.landofmemory.eu\/\"},{\"@type\":\"ListItem\",\"position\":2,\"name\":\"St\u00e4dte\"}]},{\"@type\":\"WebSite\",\"@id\":\"https:\/\/www.landofmemory.eu\/#website\",\"url\":\"https:\/\/www.landofmemory.eu\/\",\"name\":\"Land Of Memory\",\"description\":\"L&#039;histoire commence ici\",\"publisher\":{\"@id\":\"https:\/\/www.landofmemory.eu\/#organization\"},\"potentialAction\":[{\"@type\":\"SearchAction\",\"target\":{\"@type\":\"EntryPoint\",\"urlTemplate\":\"https:\/\/www.landofmemory.eu\/?s={search_term_string}\"},\"query-input\":{\"@type\":\"PropertyValueSpecification\",\"valueRequired\":true,\"valueName\":\"search_term_string\"}}],\"inLanguage\":\"de\"},{\"@type\":\"Organization\",\"@id\":\"https:\/\/www.landofmemory.eu\/#organization\",\"name\":\"Land Of Memory\",\"url\":\"https:\/\/www.landofmemory.eu\/\",\"logo\":{\"@type\":\"ImageObject\",\"inLanguage\":\"de\",\"@id\":\"https:\/\/www.landofmemory.eu\/#\/schema\/logo\/image\/\",\"url\":\"https:\/\/www.landofmemory.eu\/wp-content\/uploads\/2022\/10\/logo-land-of-memory.jpg\",\"contentUrl\":\"https:\/\/www.landofmemory.eu\/wp-content\/uploads\/2022\/10\/logo-land-of-memory.jpg\",\"width\":1000,\"height\":500,\"caption\":\"Land Of Memory\"},\"image\":{\"@id\":\"https:\/\/www.landofmemory.eu\/#\/schema\/logo\/image\/\"},\"sameAs\":[\"https:\/\/www.facebook.com\/landofmemory.eu\",\"https:\/\/www.instagram.com\/landofmemory_eu\/\"]}]}<\/script>\n<!-- \/ Yoast SEO plugin. -->","yoast_head_json":{"title":"Unumg\u00e4ngliche St\u00e4dte mit Bezug zu den Weltkriegen - Land Of Memory","description":"Entdecken Sie die wichtigsten St\u00e4dte, die mit den Weltkriegen auf dem Gebiet von Land of Memory in Verbindung stehen.","robots":{"index":"index","follow":"follow","max-snippet":"max-snippet:-1","max-image-preview":"max-image-preview:large","max-video-preview":"max-video-preview:-1"},"canonical":"https:\/\/www.landofmemory.eu\/de\/historische-statten\/stadte\/","og_locale":"de_DE","og_type":"article","og_title":"Unumg\u00e4ngliche St\u00e4dte mit Bezug zu den Weltkriegen - Land Of Memory","og_description":"Entdecken Sie die wichtigsten St\u00e4dte, die mit den Weltkriegen auf dem Gebiet von Land of Memory in Verbindung stehen.","og_url":"https:\/\/www.landofmemory.eu\/de\/historische-statten\/stadte\/","og_site_name":"Land Of Memory","twitter_card":"summary_large_image","schema":{"@context":"https:\/\/schema.org","@graph":[{"@type":"CollectionPage","@id":"https:\/\/www.landofmemory.eu\/de\/historische-statten\/stadte\/","url":"https:\/\/www.landofmemory.eu\/de\/historische-statten\/stadte\/","name":"Unumg\u00e4ngliche St\u00e4dte mit Bezug zu den Weltkriegen - Land Of Memory","isPartOf":{"@id":"https:\/\/www.landofmemory.eu\/#website"},"description":"Entdecken Sie die wichtigsten St\u00e4dte, die mit den Weltkriegen auf dem Gebiet von Land of Memory in Verbindung stehen.","breadcrumb":{"@id":"https:\/\/www.landofmemory.eu\/de\/historische-statten\/stadte\/#breadcrumb"},"inLanguage":"de"},{"@type":"BreadcrumbList","@id":"https:\/\/www.landofmemory.eu\/de\/historische-statten\/stadte\/#breadcrumb","itemListElement":[{"@type":"ListItem","position":1,"name":"Accueil","item":"https:\/\/www.landofmemory.eu\/"},{"@type":"ListItem","position":2,"name":"St\u00e4dte"}]},{"@type":"WebSite","@id":"https:\/\/www.landofmemory.eu\/#website","url":"https:\/\/www.landofmemory.eu\/","name":"Land Of Memory","description":"L&#039;histoire commence ici","publisher":{"@id":"https:\/\/www.landofmemory.eu\/#organization"},"potentialAction":[{"@type":"SearchAction","target":{"@type":"EntryPoint","urlTemplate":"https:\/\/www.landofmemory.eu\/?s={search_term_string}"},"query-input":{"@type":"PropertyValueSpecification","valueRequired":true,"valueName":"search_term_string"}}],"inLanguage":"de"},{"@type":"Organization","@id":"https:\/\/www.landofmemory.eu\/#organization","name":"Land Of Memory","url":"https:\/\/www.landofmemory.eu\/","logo":{"@type":"ImageObject","inLanguage":"de","@id":"https:\/\/www.landofmemory.eu\/#\/schema\/logo\/image\/","url":"https:\/\/www.landofmemory.eu\/wp-content\/uploads\/2022\/10\/logo-land-of-memory.jpg","contentUrl":"https:\/\/www.landofmemory.eu\/wp-content\/uploads\/2022\/10\/logo-land-of-memory.jpg","width":1000,"height":500,"caption":"Land Of Memory"},"image":{"@id":"https:\/\/www.landofmemory.eu\/#\/schema\/logo\/image\/"},"sameAs":["https:\/\/www.facebook.com\/landofmemory.eu","https:\/\/www.instagram.com\/landofmemory_eu\/"]}]}},"_links":{"self":[{"href":"https:\/\/www.landofmemory.eu\/de\/wp-json\/wp\/v2\/type_site\/82","targetHints":{"allow":["GET"]}}],"collection":[{"href":"https:\/\/www.landofmemory.eu\/de\/wp-json\/wp\/v2\/type_site"}],"about":[{"href":"https:\/\/www.landofmemory.eu\/de\/wp-json\/wp\/v2\/taxonomies\/type_site"}],"wp:post_type":[{"href":"https:\/\/www.landofmemory.eu\/de\/wp-json\/wp\/v2\/sites-historiques?type_site=82"}],"curies":[{"name":"wp","href":"https:\/\/api.w.org\/{rel}","templated":true}]}}